{"id":9220,"date":"2023-10-31T07:23:04","date_gmt":"2023-10-31T06:23:04","guid":{"rendered":"https:\/\/www.pfalzmarkt.de\/?p=9220"},"modified":"2023-10-31T07:31:12","modified_gmt":"2023-10-31T06:31:12","slug":"termin-ausserordentliche-generalversammlung","status":"publish","type":"post","link":"https:\/\/www.pfalzmarkt.de\/en\/aktuelles\/termin-ausserordentliche-generalversammlung\/","title":{"rendered":"Termin Ordentliche Generalversammlung"},"content":{"rendered":"\n<p class=\"has-large-font-size\">Am 16. November 2023 findet eine Ordentliche Generalversammlung des Pfalzmarktes statt.<\/p>\n\n\n\n<!--more weiterlesen-->\n\n\n\n<figure class=\"wp-block-image size-large\"><img decoding=\"async\" width=\"1080\" height=\"608\" src=\"https:\/\/www.pfalzmarkt.de\/wp-content\/uploads\/pfalzmarkt-fahnen-eingang-1080x608.jpg\" alt=\"Pfalzmarkt Fahnen Eingang\" class=\"wp-image-5407\" srcset=\"https:\/\/www.pfalzmarkt.de\/wp-content\/uploads\/pfalzmarkt-fahnen-eingang-1080x608.jpg 1080w, https:\/\/www.pfalzmarkt.de\/wp-content\/uploads\/pfalzmarkt-fahnen-eingang-540x304.jpg 540w, https:\/\/www.pfalzmarkt.de\/wp-content\/uploads\/pfalzmarkt-fahnen-eingang-270x152.jpg 270w, https:\/\/www.pfalzmarkt.de\/wp-content\/uploads\/pfalzmarkt-fahnen-eingang-1200x675.jpg 1200w\" sizes=\"(max-width: 1080px) 100vw, 1080px\" \/><\/figure>\n\n\n\n<p class=\"has-large-font-size\"><strong>Beginn: 14 Uhr<\/strong><\/p>\n\n\n\n<p class=\"has-large-font-size\"><strong>Veranstaltungsort: Versteigerungsraum der Pfalzmarkt f\u00fcr Obst und Gem\u00fcse eG, Neustadter Stra\u00dfe 100, 67112 Mutterstadt<\/strong><\/p>\n","protected":false},"excerpt":{"rendered":"<p>Am 16. November 2023 findet eine Ordentliche Generalversammlung des Pfalzmarktes statt.<\/p>\n","protected":false},"author":3,"featured_media":5407,"comment_status":"closed","ping_status":"closed","sticky":false,"template":"","format":"standard","meta":{"_acf_changed":false,"inline_featured_image":false,"footnotes":""},"categories":[1],"tags":[],"class_list":{"0":"post-9220","1":"post","2":"type-post","3":"status-publish","4":"format-standard","5":"has-post-thumbnail","7":"category-aktuelles"},"acf":[],"_links":{"self":[{"href":"https:\/\/www.pfalzmarkt.de\/en\/wp-json\/wp\/v2\/posts\/9220","targetHints":{"allow":["GET"]}}],"collection":[{"href":"https:\/\/www.pfalzmarkt.de\/en\/wp-json\/wp\/v2\/posts"}],"about":[{"href":"https:\/\/www.pfalzmarkt.de\/en\/wp-json\/wp\/v2\/types\/post"}],"author":[{"embeddable":true,"href":"https:\/\/www.pfalzmarkt.de\/en\/wp-json\/wp\/v2\/users\/3"}],"replies":[{"embeddable":true,"href":"https:\/\/www.pfalzmarkt.de\/en\/wp-json\/wp\/v2\/comments?post=9220"}],"version-history":[{"count":5,"href":"https:\/\/www.pfalzmarkt.de\/en\/wp-json\/wp\/v2\/posts\/9220\/revisions"}],"predecessor-version":[{"id":9227,"href":"https:\/\/www.pfalzmarkt.de\/en\/wp-json\/wp\/v2\/posts\/9220\/revisions\/9227"}],"wp:featuredmedia":[{"embeddable":true,"href":"https:\/\/www.pfalzmarkt.de\/en\/wp-json\/wp\/v2\/media\/5407"}],"wp:attachment":[{"href":"https:\/\/www.pfalzmarkt.de\/en\/wp-json\/wp\/v2\/media?parent=9220"}],"wp:term":[{"taxonomy":"category","embeddable":true,"href":"https:\/\/www.pfalzmarkt.de\/en\/wp-json\/wp\/v2\/categories?post=9220"},{"taxonomy":"post_tag","embeddable":true,"href":"https:\/\/www.pfalzmarkt.de\/en\/wp-json\/wp\/v2\/tags?post=9220"}],"curies":[{"name":"wp","href":"https:\/\/api.w.org\/{rel}","templated":true}]}}