{"id":8683,"date":"2023-01-10T08:19:09","date_gmt":"2023-01-10T07:19:09","guid":{"rendered":"https:\/\/www.pfalzmarkt.de\/?p=8683"},"modified":"2023-12-13T08:26:59","modified_gmt":"2023-12-13T07:26:59","slug":"teilnahme-fruit-logistica-2023","status":"publish","type":"post","link":"https:\/\/www.pfalzmarkt.de\/en\/aktuelles\/teilnahme-fruit-logistica-2023\/","title":{"rendered":"Teilnahme Fruit Logistica 2023"},"content":{"rendered":"\n<p class=\"has-large-font-size\">Ein guter Boden f\u00fcr Ihren Erfolg &#8211; Gemeinsam mit unseren Partnern freuen wir uns das internationale Fachpublikum zu begr\u00fc\u00dfen.<\/p>\n\n\n\n<!--more weiterlesen-->\n\n\n\n<figure class=\"wp-block-image alignwide size-large\"><img decoding=\"async\" width=\"1080\" height=\"608\" src=\"https:\/\/www.pfalzmarkt.de\/wp-content\/uploads\/fruitlogistica-2023-1080x608.jpg\" alt=\"\" class=\"wp-image-8685\" srcset=\"https:\/\/www.pfalzmarkt.de\/wp-content\/uploads\/fruitlogistica-2023-1080x608.jpg 1080w, https:\/\/www.pfalzmarkt.de\/wp-content\/uploads\/fruitlogistica-2023-540x304.jpg 540w, https:\/\/www.pfalzmarkt.de\/wp-content\/uploads\/fruitlogistica-2023-270x152.jpg 270w, https:\/\/www.pfalzmarkt.de\/wp-content\/uploads\/fruitlogistica-2023-1200x675.jpg 1200w, https:\/\/www.pfalzmarkt.de\/wp-content\/uploads\/fruitlogistica-2023.jpg 1600w\" sizes=\"(max-width: 1080px) 100vw, 1080px\" \/><\/figure>\n\n\n\n<p>Ein guter Boden f\u00fcr Ihren Erfolg &#8211; Gemeinsam mit unseren Partnern freuen wir uns das internationale Fachpublikum und unsere Ansprechpartner weltweit auf der Fruit Logistica 2023 in Berlin vom 08. bis 10. Februar zu begr\u00fc\u00dfen. <\/p>\n\n\n\n<p class=\"has-secondary-color has-primary-light-background-color has-text-color has-background has-large-font-size\">Sie finden uns in Halle 20, Stand A-16<\/p>\n","protected":false},"excerpt":{"rendered":"<p>Ein guter Boden f\u00fcr Ihren Erfolg &#8211; Gemeinsam mit unseren Partnern freuen wir uns das internationale Fachpublikum zu begr\u00fc\u00dfen.<\/p>\n","protected":false},"author":3,"featured_media":8685,"comment_status":"closed","ping_status":"closed","sticky":false,"template":"","format":"standard","meta":{"_acf_changed":false,"inline_featured_image":false,"footnotes":""},"categories":[1],"tags":[],"class_list":{"0":"post-8683","1":"post","2":"type-post","3":"status-publish","4":"format-standard","5":"has-post-thumbnail","7":"category-aktuelles"},"acf":[],"_links":{"self":[{"href":"https:\/\/www.pfalzmarkt.de\/en\/wp-json\/wp\/v2\/posts\/8683","targetHints":{"allow":["GET"]}}],"collection":[{"href":"https:\/\/www.pfalzmarkt.de\/en\/wp-json\/wp\/v2\/posts"}],"about":[{"href":"https:\/\/www.pfalzmarkt.de\/en\/wp-json\/wp\/v2\/types\/post"}],"author":[{"embeddable":true,"href":"https:\/\/www.pfalzmarkt.de\/en\/wp-json\/wp\/v2\/users\/3"}],"replies":[{"embeddable":true,"href":"https:\/\/www.pfalzmarkt.de\/en\/wp-json\/wp\/v2\/comments?post=8683"}],"version-history":[{"count":4,"href":"https:\/\/www.pfalzmarkt.de\/en\/wp-json\/wp\/v2\/posts\/8683\/revisions"}],"predecessor-version":[{"id":9294,"href":"https:\/\/www.pfalzmarkt.de\/en\/wp-json\/wp\/v2\/posts\/8683\/revisions\/9294"}],"wp:featuredmedia":[{"embeddable":true,"href":"https:\/\/www.pfalzmarkt.de\/en\/wp-json\/wp\/v2\/media\/8685"}],"wp:attachment":[{"href":"https:\/\/www.pfalzmarkt.de\/en\/wp-json\/wp\/v2\/media?parent=8683"}],"wp:term":[{"taxonomy":"category","embeddable":true,"href":"https:\/\/www.pfalzmarkt.de\/en\/wp-json\/wp\/v2\/categories?post=8683"},{"taxonomy":"post_tag","embeddable":true,"href":"https:\/\/www.pfalzmarkt.de\/en\/wp-json\/wp\/v2\/tags?post=8683"}],"curies":[{"name":"wp","href":"https:\/\/api.w.org\/{rel}","templated":true}]}}