{"id":8661,"date":"2022-11-30T14:17:55","date_gmt":"2022-11-30T13:17:55","guid":{"rendered":"https:\/\/www.pfalzmarkt.de\/?p=8661"},"modified":"2023-07-20T08:42:02","modified_gmt":"2023-07-20T06:42:02","slug":"pfalzmarkt-vorstand-uebernimmt-verantwortung","status":"publish","type":"post","link":"https:\/\/www.pfalzmarkt.de\/en\/aktuelles\/pfalzmarkt-vorstand-uebernimmt-verantwortung\/","title":{"rendered":"BVEO\/DRV: Pfalzmarkt-Vorstand Hans-J\u00f6rg Friedrich \u00fcbernimmt Verantwortung in Gremienarbeit"},"content":{"rendered":"\n<p class=\"has-large-font-size\">Die Bundesvereinigung der Erzeugerorganisationen Obst und Gem\u00fcse hat gew\u00e4hlt.<\/p>\n\n\n\n<!--more weiterlesen-->\n\n\n\n<figure class=\"wp-block-image size-large\"><img decoding=\"async\" width=\"1080\" height=\"608\" src=\"https:\/\/www.pfalzmarkt.de\/wp-content\/uploads\/Pfalzmarkt-Vorstand-uebernimmt-Verantwortung-in-Gremienarbeit-1080x608.jpg\" alt=\"\" class=\"wp-image-8663\" srcset=\"https:\/\/www.pfalzmarkt.de\/wp-content\/uploads\/Pfalzmarkt-Vorstand-uebernimmt-Verantwortung-in-Gremienarbeit-1080x608.jpg 1080w, https:\/\/www.pfalzmarkt.de\/wp-content\/uploads\/Pfalzmarkt-Vorstand-uebernimmt-Verantwortung-in-Gremienarbeit-540x304.jpg 540w, https:\/\/www.pfalzmarkt.de\/wp-content\/uploads\/Pfalzmarkt-Vorstand-uebernimmt-Verantwortung-in-Gremienarbeit-270x152.jpg 270w, https:\/\/www.pfalzmarkt.de\/wp-content\/uploads\/Pfalzmarkt-Vorstand-uebernimmt-Verantwortung-in-Gremienarbeit-1200x675.jpg 1200w\" sizes=\"(max-width: 1080px) 100vw, 1080px\" \/><figcaption class=\"wp-element-caption\">Johannes Bliestle (r.) und Hans-J\u00f6rg Friedrich Foto: BVEO\/DRV<\/figcaption><\/figure>\n\n\n\n<p>Den neuen ehrenamtlichen Vorsitz \u00fcbernimmt Johannes Bliestle, nach einstimmiger Wahl. F\u00fcr die Nachfolge seines damit abgelegten Amtes im Fachausschuss Obst-, Gem\u00fcse- und Gartenbauwirtschaft des DRV wurde Hans-J\u00f6rg Friedrich (Vorstand der Pfalzmarkt eG) ebenfalls einstimmig gew\u00e4hlt.<\/p>\n\n\n\n<p>Die Gesch\u00e4ftsstellen des DRV und der BVEO befinden sich im selben Geb\u00e4ude am Pariser Platz 3 in Berlin, und damit in unmittelbarer N\u00e4he zu den politischen Entscheidungstr\u00e4gern. Die BVEO vertritt nationale Interessen aller deutschen Erzeugerorganisationen f\u00fcr Obst, Gem\u00fcse und Pilze. Synergieeffekte zwischen den Verb\u00e4nden werden genutzt. DRV-Pr\u00e4sident Franz-Josef Holzenkamp sagt zu den beiden Personalentscheidungen: \u201eMit Johannes Bliestle und Hans-J\u00f6rg Friedrich konnten zwei ausgewiesene Branchenexperten als Vorsitzende gewonnen werden. Beide vereinen hohe fachliche und unternehmerische Kompetenz mit langj\u00e4hriger Erfahrung in der Verbandsarbeit.\u201c<\/p>\n","protected":false},"excerpt":{"rendered":"<p>Die Bundesvereinigung der Erzeugerorganisationen Obst und Gem\u00fcse hat gew\u00e4hlt.<\/p>\n","protected":false},"author":3,"featured_media":8663,"comment_status":"closed","ping_status":"closed","sticky":false,"template":"","format":"standard","meta":{"_acf_changed":false,"inline_featured_image":false,"footnotes":""},"categories":[1],"tags":[],"class_list":{"0":"post-8661","1":"post","2":"type-post","3":"status-publish","4":"format-standard","5":"has-post-thumbnail","7":"category-aktuelles"},"acf":[],"_links":{"self":[{"href":"https:\/\/www.pfalzmarkt.de\/en\/wp-json\/wp\/v2\/posts\/8661","targetHints":{"allow":["GET"]}}],"collection":[{"href":"https:\/\/www.pfalzmarkt.de\/en\/wp-json\/wp\/v2\/posts"}],"about":[{"href":"https:\/\/www.pfalzmarkt.de\/en\/wp-json\/wp\/v2\/types\/post"}],"author":[{"embeddable":true,"href":"https:\/\/www.pfalzmarkt.de\/en\/wp-json\/wp\/v2\/users\/3"}],"replies":[{"embeddable":true,"href":"https:\/\/www.pfalzmarkt.de\/en\/wp-json\/wp\/v2\/comments?post=8661"}],"version-history":[{"count":4,"href":"https:\/\/www.pfalzmarkt.de\/en\/wp-json\/wp\/v2\/posts\/8661\/revisions"}],"predecessor-version":[{"id":9064,"href":"https:\/\/www.pfalzmarkt.de\/en\/wp-json\/wp\/v2\/posts\/8661\/revisions\/9064"}],"wp:featuredmedia":[{"embeddable":true,"href":"https:\/\/www.pfalzmarkt.de\/en\/wp-json\/wp\/v2\/media\/8663"}],"wp:attachment":[{"href":"https:\/\/www.pfalzmarkt.de\/en\/wp-json\/wp\/v2\/media?parent=8661"}],"wp:term":[{"taxonomy":"category","embeddable":true,"href":"https:\/\/www.pfalzmarkt.de\/en\/wp-json\/wp\/v2\/categories?post=8661"},{"taxonomy":"post_tag","embeddable":true,"href":"https:\/\/www.pfalzmarkt.de\/en\/wp-json\/wp\/v2\/tags?post=8661"}],"curies":[{"name":"wp","href":"https:\/\/api.w.org\/{rel}","templated":true}]}}