{"id":7923,"date":"2022-12-01T14:23:20","date_gmt":"2022-12-01T13:23:20","guid":{"rendered":"https:\/\/www.pfalzmarkt.de\/?p=7923"},"modified":"2022-12-01T14:31:01","modified_gmt":"2022-12-01T13:31:01","slug":"termin-ordentliche-generalversammlung-2021","status":"publish","type":"post","link":"https:\/\/www.pfalzmarkt.de\/en\/aktuelles\/termin-ordentliche-generalversammlung-2021\/","title":{"rendered":"Termin Au\u00dferordentliche Generalversammlung 2022"},"content":{"rendered":"\n<p class=\"has-large-font-size\">Am 06. Dezember 2022 findet die Au\u00dferordentliche Generalversammlung des Pfalzmarktes statt.<\/p>\n\n\n\n<!--more weiterlesen-->\n\n\n\n<figure class=\"wp-block-image alignwide size-large\"><img decoding=\"async\" width=\"1080\" height=\"608\" src=\"https:\/\/www.pfalzmarkt.de\/wp-content\/uploads\/pfalzmarkt-fahnen-eingang-1080x608.jpg\" alt=\"Pfalzmarkt Fahnen Eingang\" class=\"wp-image-5407\" srcset=\"https:\/\/www.pfalzmarkt.de\/wp-content\/uploads\/pfalzmarkt-fahnen-eingang-1080x608.jpg 1080w, https:\/\/www.pfalzmarkt.de\/wp-content\/uploads\/pfalzmarkt-fahnen-eingang-540x304.jpg 540w, https:\/\/www.pfalzmarkt.de\/wp-content\/uploads\/pfalzmarkt-fahnen-eingang-270x152.jpg 270w, https:\/\/www.pfalzmarkt.de\/wp-content\/uploads\/pfalzmarkt-fahnen-eingang-1200x675.jpg 1200w\" sizes=\"(max-width: 1080px) 100vw, 1080px\" \/><\/figure>\n\n\n\n<p class=\"has-large-font-size\"><strong>Beginn: 09:00 Uhr<\/strong><\/p>\n\n\n\n<p class=\"has-large-font-size\"><strong>Veranstaltungsort: Versteigerungsraum der Pfalzmarkt f\u00fcr Obst und Gem\u00fcse eG, Neustadter Stra\u00dfe 100, 67112 Mutterstadt<\/strong><\/p>\n\n\n\n<div id=\"pmcb-button-links-block_6807e11062d1b458f9c2820453289a39\" class=\"pmcb-button-links justify-content-center\">\n\t\n\t\t\t\t\t\t\n\t\t\t\t\t\t\t\t\t\t\t\t\t\t\t<\/div>\n\n\n<div id=\"pmcb-button-links-block_3f35ba8d314011b39063be3b8c55d133\" class=\"pmcb-button-links justify-content-center\">\n\t\n\t\t\t\t\t\t\n\t\t\t\t\t\t\t\t\t\t\t\t                <a class=\"btn btn-has-color-primary btn-has-normal-size\" href=\"https:\/\/www.pfalzmarkt.de\/wp-content\/uploads\/tagesordnung-generalversammlung-2022.pdf\">Tagesordnung herunterladen<\/a>\n\t\t\t\t\t\t<\/div>","protected":false},"excerpt":{"rendered":"<p>Am 06. Dezember 2022 findet die Au\u00dferordentliche Generalversammlung des Pfalzmarktes statt.<\/p>\n","protected":false},"author":3,"featured_media":5407,"comment_status":"closed","ping_status":"closed","sticky":false,"template":"","format":"standard","meta":{"_acf_changed":false,"inline_featured_image":false,"footnotes":""},"categories":[1],"tags":[],"class_list":{"0":"post-7923","1":"post","2":"type-post","3":"status-publish","4":"format-standard","5":"has-post-thumbnail","7":"category-aktuelles"},"acf":[],"_links":{"self":[{"href":"https:\/\/www.pfalzmarkt.de\/en\/wp-json\/wp\/v2\/posts\/7923","targetHints":{"allow":["GET"]}}],"collection":[{"href":"https:\/\/www.pfalzmarkt.de\/en\/wp-json\/wp\/v2\/posts"}],"about":[{"href":"https:\/\/www.pfalzmarkt.de\/en\/wp-json\/wp\/v2\/types\/post"}],"author":[{"embeddable":true,"href":"https:\/\/www.pfalzmarkt.de\/en\/wp-json\/wp\/v2\/users\/3"}],"replies":[{"embeddable":true,"href":"https:\/\/www.pfalzmarkt.de\/en\/wp-json\/wp\/v2\/comments?post=7923"}],"version-history":[{"count":8,"href":"https:\/\/www.pfalzmarkt.de\/en\/wp-json\/wp\/v2\/posts\/7923\/revisions"}],"predecessor-version":[{"id":8669,"href":"https:\/\/www.pfalzmarkt.de\/en\/wp-json\/wp\/v2\/posts\/7923\/revisions\/8669"}],"wp:featuredmedia":[{"embeddable":true,"href":"https:\/\/www.pfalzmarkt.de\/en\/wp-json\/wp\/v2\/media\/5407"}],"wp:attachment":[{"href":"https:\/\/www.pfalzmarkt.de\/en\/wp-json\/wp\/v2\/media?parent=7923"}],"wp:term":[{"taxonomy":"category","embeddable":true,"href":"https:\/\/www.pfalzmarkt.de\/en\/wp-json\/wp\/v2\/categories?post=7923"},{"taxonomy":"post_tag","embeddable":true,"href":"https:\/\/www.pfalzmarkt.de\/en\/wp-json\/wp\/v2\/tags?post=7923"}],"curies":[{"name":"wp","href":"https:\/\/api.w.org\/{rel}","templated":true}]}}