{"id":6167,"date":"2020-10-20T12:39:55","date_gmt":"2020-10-20T10:39:55","guid":{"rendered":"https:\/\/www.pfalzmarkt.de\/?p=6167"},"modified":"2020-10-20T14:25:55","modified_gmt":"2020-10-20T12:25:55","slug":"standorterweiterung-mutterstadt-voll-im-plan","status":"publish","type":"post","link":"https:\/\/www.pfalzmarkt.de\/en\/aktuelles\/standorterweiterung-mutterstadt-voll-im-plan\/","title":{"rendered":"Standorterweiterung in Mutterstadt &#8211; Voll im Plan"},"content":{"rendered":"\n<p class=\"has-large-font-size\">Am 26. August 2020 fand der Spatenstich f\u00fcr das neue Vermarktungszentrum f\u00fcr frisches Obst und Gem\u00fcse des Pfalzmarktes in Mutterstadt statt. Mit dem Bauprojekt liegt der Pfalzmarkt im Oktober 2020 voll im Plan.<\/p>\n\n\n\n<!--more weiterlesen-->\n\n\n\n<figure class=\"wp-block-image alignwide size-large\"><img decoding=\"async\" width=\"1080\" height=\"608\" src=\"https:\/\/www.pfalzmarkt.de\/wp-content\/uploads\/pfalzmarkt-standorterweiterung-oktober-2020-3-1080x608.jpg\" alt=\"\" class=\"wp-image-6224\" srcset=\"https:\/\/www.pfalzmarkt.de\/wp-content\/uploads\/pfalzmarkt-standorterweiterung-oktober-2020-3-1080x608.jpg 1080w, https:\/\/www.pfalzmarkt.de\/wp-content\/uploads\/pfalzmarkt-standorterweiterung-oktober-2020-3-540x304.jpg 540w, https:\/\/www.pfalzmarkt.de\/wp-content\/uploads\/pfalzmarkt-standorterweiterung-oktober-2020-3-270x152.jpg 270w, https:\/\/www.pfalzmarkt.de\/wp-content\/uploads\/pfalzmarkt-standorterweiterung-oktober-2020-3-1200x675.jpg 1200w\" sizes=\"(max-width: 1080px) 100vw, 1080px\" \/><\/figure>\n\n\n\n<p>Beim Spatenstich im August waren die Fundamentarbeiten so gut wie abgeschlossen. Um die daf\u00fcr ben\u00f6tigten mehr als 3.500 Kubikmeter Beton einzubringen, kamen rund 400 Betonmischfahrzeuge.<\/p>\n\n\n\n<p>Anfang Oktober ragten dann bereits alle 180 St\u00fctzen hoch in den Himmel. Teilweise sind sogar schon die Holztr\u00e4ger f\u00fcr das Dach auf den zw\u00f6lf Meter hohen Betonpfeilern montiert. <br><\/p>\n\n\n\n\n<div id=\"pmcb-grid-gallery-block_5f894c0ef3e97\" class=\"pmcb-grid-gallery\">\n    \n    <!-- Bilder -->\n    <div class=\"grid-gallery-images\" data-layout=\"grid_2_2\">\n                        <figure>\n                    <img decoding=\"async\" width=\"540\" height=\"304\" src=\"https:\/\/www.pfalzmarkt.de\/wp-content\/uploads\/pfalzmarkt-standorterweiterung-oktober-2020-1-540x304.jpg\" class=\"attachment-medium size-medium\" alt=\"\" srcset=\"https:\/\/www.pfalzmarkt.de\/wp-content\/uploads\/pfalzmarkt-standorterweiterung-oktober-2020-1-540x304.jpg 540w, https:\/\/www.pfalzmarkt.de\/wp-content\/uploads\/pfalzmarkt-standorterweiterung-oktober-2020-1-1080x608.jpg 1080w, https:\/\/www.pfalzmarkt.de\/wp-content\/uploads\/pfalzmarkt-standorterweiterung-oktober-2020-1-270x152.jpg 270w, https:\/\/www.pfalzmarkt.de\/wp-content\/uploads\/pfalzmarkt-standorterweiterung-oktober-2020-1-1200x675.jpg 1200w\" sizes=\"(max-width: 540px) 100vw, 540px\" \/>                                    <\/figure>\n                            <figure>\n                    <img decoding=\"async\" width=\"540\" height=\"304\" src=\"https:\/\/www.pfalzmarkt.de\/wp-content\/uploads\/pfalzmarkt-standorterweiterung-oktober-2020-2-540x304.jpg\" class=\"attachment-medium size-medium\" alt=\"\" srcset=\"https:\/\/www.pfalzmarkt.de\/wp-content\/uploads\/pfalzmarkt-standorterweiterung-oktober-2020-2-540x304.jpg 540w, https:\/\/www.pfalzmarkt.de\/wp-content\/uploads\/pfalzmarkt-standorterweiterung-oktober-2020-2-1080x608.jpg 1080w, https:\/\/www.pfalzmarkt.de\/wp-content\/uploads\/pfalzmarkt-standorterweiterung-oktober-2020-2-270x152.jpg 270w, https:\/\/www.pfalzmarkt.de\/wp-content\/uploads\/pfalzmarkt-standorterweiterung-oktober-2020-2-1200x675.jpg 1200w\" sizes=\"(max-width: 540px) 100vw, 540px\" \/>                                    <\/figure>\n                <\/div>\n    \n    <!-- Beschreibung --> \n    \n    \n    <!-- Link-Button -->\n        \n<\/div>\n\n\n<p>Bis Ende des Jahres sollen das Dach inklusive den dazugeh\u00f6rigen Lichtb\u00e4ndern sowie die Au\u00dfenw\u00e4nde komplett fertig und damit das Geb\u00e4ude von au\u00dfen geschlossen sein. Die Lichtb\u00e4nder sorgen in den Bereichen, wo es sich nicht negativ auf die Qualit\u00e4t des Obstes und Gem\u00fcses auswirkt, f\u00fcr einen hohen nat\u00fcrlichen Lichteinfall. Als n\u00e4chster Schritt kommt Anfang 2021 der Hallenboden in das 30.000 Quadratmeter gro\u00dfe Geb\u00e4ude. Anschlie\u00dfend wird die innovative Technik installiert. 20.000 Quadratmeter der Halle werden dann mithilfe modernster Ammoniak-K\u00fchltechnik bedarfsgerecht temperiert. Im Juli\/August sollen alle Arbeiten abgeschlossen sein, sodass der Pfalzmarkt nach Ende der Saison 2021 umziehen kann. <\/p>\n\n\n\n<p>Mit der optimierten und ultraschnellen Frischelogistik, die das moderne Vermarktungszentrum erm\u00f6glicht, setzt der Pfalzmarkt neue Ma\u00dfst\u00e4be und r\u00fcckt noch n\u00e4her an die Partner im LEH. Wie wichtig das ist, haben die Hitzewelle in Europa im Sommer und die Corona-Pandemie gezeigt: Kurze und verl\u00e4ssliche Wege vom Erzeuger zum Verbraucher werden immer relevanter. <\/p>\n","protected":false},"excerpt":{"rendered":"<p>Am 26. August 2020 fand der Spatenstich f\u00fcr das neue Vermarktungszentrum f\u00fcr frisches Obst und Gem\u00fcse des Pfalzmarktes in Mutterstadt statt. Mit dem Bauprojekt liegt der Pfalzmarkt im Oktober 2020 voll im Plan.<\/p>\n","protected":false},"author":3,"featured_media":6224,"comment_status":"closed","ping_status":"closed","sticky":false,"template":"","format":"standard","meta":{"_acf_changed":false,"inline_featured_image":false,"footnotes":""},"categories":[1],"tags":[],"class_list":{"0":"post-6167","1":"post","2":"type-post","3":"status-publish","4":"format-standard","5":"has-post-thumbnail","7":"category-aktuelles"},"acf":[],"_links":{"self":[{"href":"https:\/\/www.pfalzmarkt.de\/en\/wp-json\/wp\/v2\/posts\/6167","targetHints":{"allow":["GET"]}}],"collection":[{"href":"https:\/\/www.pfalzmarkt.de\/en\/wp-json\/wp\/v2\/posts"}],"about":[{"href":"https:\/\/www.pfalzmarkt.de\/en\/wp-json\/wp\/v2\/types\/post"}],"author":[{"embeddable":true,"href":"https:\/\/www.pfalzmarkt.de\/en\/wp-json\/wp\/v2\/users\/3"}],"replies":[{"embeddable":true,"href":"https:\/\/www.pfalzmarkt.de\/en\/wp-json\/wp\/v2\/comments?post=6167"}],"version-history":[{"count":0,"href":"https:\/\/www.pfalzmarkt.de\/en\/wp-json\/wp\/v2\/posts\/6167\/revisions"}],"wp:featuredmedia":[{"embeddable":true,"href":"https:\/\/www.pfalzmarkt.de\/en\/wp-json\/wp\/v2\/media\/6224"}],"wp:attachment":[{"href":"https:\/\/www.pfalzmarkt.de\/en\/wp-json\/wp\/v2\/media?parent=6167"}],"wp:term":[{"taxonomy":"category","embeddable":true,"href":"https:\/\/www.pfalzmarkt.de\/en\/wp-json\/wp\/v2\/categories?post=6167"},{"taxonomy":"post_tag","embeddable":true,"href":"https:\/\/www.pfalzmarkt.de\/en\/wp-json\/wp\/v2\/tags?post=6167"}],"curies":[{"name":"wp","href":"https:\/\/api.w.org\/{rel}","templated":true}]}}