{"id":6115,"date":"2020-11-02T08:00:00","date_gmt":"2020-11-02T07:00:00","guid":{"rendered":"https:\/\/www.pfalzmarkt.de\/?p=6115"},"modified":"2021-04-29T08:31:07","modified_gmt":"2021-04-29T06:31:07","slug":"ordentliche-generalversammlung-2020","status":"publish","type":"post","link":"https:\/\/www.pfalzmarkt.de\/en\/aktuelles\/ordentliche-generalversammlung-2020\/","title":{"rendered":"Termin Ordentliche Generalversammlung 2020"},"content":{"rendered":"\n<p class=\"has-large-font-size\">Am 17. November 2020 findet die Ordentliche Generalversammlung des Pfalzmarktes statt.<\/p>\n\n\n\n<!--more weiterlesen-->\n\n\n\n<figure class=\"wp-block-image alignwide size-large\"><img decoding=\"async\" width=\"1080\" height=\"608\" src=\"https:\/\/www.pfalzmarkt.de\/wp-content\/uploads\/pfalzmarkt-fahnen-eingang-1080x608.jpg\" alt=\"Pfalzmarkt Fahnen Eingang\" class=\"wp-image-5407\" srcset=\"https:\/\/www.pfalzmarkt.de\/wp-content\/uploads\/pfalzmarkt-fahnen-eingang-1080x608.jpg 1080w, https:\/\/www.pfalzmarkt.de\/wp-content\/uploads\/pfalzmarkt-fahnen-eingang-540x304.jpg 540w, https:\/\/www.pfalzmarkt.de\/wp-content\/uploads\/pfalzmarkt-fahnen-eingang-270x152.jpg 270w, https:\/\/www.pfalzmarkt.de\/wp-content\/uploads\/pfalzmarkt-fahnen-eingang-1200x675.jpg 1200w\" sizes=\"(max-width: 1080px) 100vw, 1080px\" \/><\/figure>\n\n\n\n<p class=\"has-large-font-size\"><strong>Beginn: 18:00 Uhr<\/strong><\/p>\n\n\n\n<p class=\"has-large-font-size\"><strong>Palatinum, Bohligstra\u00dfe 1, 67112 Mutterstadt<\/strong><\/p>\n\n\n\n<div id=\"pmcb-button-links-block_5fabbafe511f7\" class=\"pmcb-button-links justify-content-center\">\n\t\n\t\t\t\t\t\t\n\t\t\t\t\t\t\t\t\t\t\t\t\t\t\t<\/div>\n\n\n<p class=\"has-primary-dark-color has-primary-light-background-color has-text-color has-background\"><em>Aufgrund der aktuellen Situation um die Covid-19-Pandemie kann die diesj\u00e4hrige Generalversammlung unter Einhaltung des notwendigen Hygienekonzeptes nicht in den R\u00e4umen der Genossenschaft stattfinden. Das Tragen eines Mund- und Nasenschutzes w\u00e4hrend der Veranstaltung ist Pflicht. Auch m\u00fcssen wir auf eine anschlie\u00dfende Bewirtung verzichten.<\/em><\/p>\n","protected":false},"excerpt":{"rendered":"<p>Am 17. November 2020 findet die Ordentliche Generalversammlung des Pfalzmarktes statt.<\/p>\n","protected":false},"author":3,"featured_media":5407,"comment_status":"closed","ping_status":"closed","sticky":false,"template":"","format":"standard","meta":{"_acf_changed":false,"inline_featured_image":false,"footnotes":""},"categories":[1],"tags":[],"class_list":{"0":"post-6115","1":"post","2":"type-post","3":"status-publish","4":"format-standard","5":"has-post-thumbnail","7":"category-aktuelles"},"acf":[],"_links":{"self":[{"href":"https:\/\/www.pfalzmarkt.de\/en\/wp-json\/wp\/v2\/posts\/6115","targetHints":{"allow":["GET"]}}],"collection":[{"href":"https:\/\/www.pfalzmarkt.de\/en\/wp-json\/wp\/v2\/posts"}],"about":[{"href":"https:\/\/www.pfalzmarkt.de\/en\/wp-json\/wp\/v2\/types\/post"}],"author":[{"embeddable":true,"href":"https:\/\/www.pfalzmarkt.de\/en\/wp-json\/wp\/v2\/users\/3"}],"replies":[{"embeddable":true,"href":"https:\/\/www.pfalzmarkt.de\/en\/wp-json\/wp\/v2\/comments?post=6115"}],"version-history":[{"count":0,"href":"https:\/\/www.pfalzmarkt.de\/en\/wp-json\/wp\/v2\/posts\/6115\/revisions"}],"wp:featuredmedia":[{"embeddable":true,"href":"https:\/\/www.pfalzmarkt.de\/en\/wp-json\/wp\/v2\/media\/5407"}],"wp:attachment":[{"href":"https:\/\/www.pfalzmarkt.de\/en\/wp-json\/wp\/v2\/media?parent=6115"}],"wp:term":[{"taxonomy":"category","embeddable":true,"href":"https:\/\/www.pfalzmarkt.de\/en\/wp-json\/wp\/v2\/categories?post=6115"},{"taxonomy":"post_tag","embeddable":true,"href":"https:\/\/www.pfalzmarkt.de\/en\/wp-json\/wp\/v2\/tags?post=6115"}],"curies":[{"name":"wp","href":"https:\/\/api.w.org\/{rel}","templated":true}]}}