{"id":396,"date":"2019-01-09T13:58:48","date_gmt":"2019-01-09T12:58:48","guid":{"rendered":"https:\/\/www.pfalzmarkt.de\/?p=396"},"modified":"2020-11-17T13:07:35","modified_gmt":"2020-11-17T12:07:35","slug":"experten-berichte-deutschland-mein-garten","status":"publish","type":"post","link":"https:\/\/www.pfalzmarkt.de\/en\/aktuelles\/experten-berichte-deutschland-mein-garten\/","title":{"rendered":"Experten-Berichte &#8220;Deutschland &#8211; Mein Garten&#8221;"},"content":{"rendered":"\n<p class=\"has-large-font-size\">Im Rahmen einer Kooperation mit Focus-Online hatte der Pfalzmarkt in der Reihe \u201eDeutschland &#8211; Mein Garten\u201c die M\u00f6glichkeit \u00fcber das Thema \u201eFeldsalat\u201c zu informieren.<\/p>\n\n\n\n<!--more weiterlesen-->\n\n\n\n<figure class=\"wp-block-image alignwide size-large\"><img decoding=\"async\" width=\"1600\" height=\"900\" src=\"https:\/\/www.pfalzmarkt.de\/wp-content\/uploads\/20190109-aktuelles-fokus-expertenbericht.jpg\" alt=\"Feldsalat\" class=\"wp-image-5080\" srcset=\"https:\/\/www.pfalzmarkt.de\/wp-content\/uploads\/20190109-aktuelles-fokus-expertenbericht.jpg 1600w, https:\/\/www.pfalzmarkt.de\/wp-content\/uploads\/20190109-aktuelles-fokus-expertenbericht-540x304.jpg 540w, https:\/\/www.pfalzmarkt.de\/wp-content\/uploads\/20190109-aktuelles-fokus-expertenbericht-1080x608.jpg 1080w, https:\/\/www.pfalzmarkt.de\/wp-content\/uploads\/20190109-aktuelles-fokus-expertenbericht-270x152.jpg 270w, https:\/\/www.pfalzmarkt.de\/wp-content\/uploads\/20190109-aktuelles-fokus-expertenbericht-1200x675.jpg 1200w\" sizes=\"(max-width: 1600px) 100vw, 1600px\" \/><\/figure>\n\n\n\n<p>Der Pfalzmarkt hat damit den Auftakt f\u00fcr eine Reihe an Experten-Berichten \u00fcbernommen, deren Ziel es ist, den Verbraucher \u00fcber regionales Obst und Gem\u00fcse zu informieren.<\/p>\n\n\n\n<div id=\"pmcb-button-links-block_5fb3bcb5f895e\" class=\"pmcb-button-links justify-content-center\">\n\t\n\t\t\t\t\t\t\n\t\t\t\t\t\t\t\t\t\t<a class=\"btn btn-has-color-primary btn-has-normal-size\" href=\"https:\/\/www.focus.de\/wissen\/experten\/deutschland-mein-garten-feldsalat-gesund-und-besonders-im-winter-begehrt_id_10157373.html\" target=\"_blank\" rel=\"noopener\">Zum Beitrag geht\u00b4s hier<\/a>\n\t\t\t\t\t\t\t\t\t\t\t\t<\/div>\n\n\n\n\n<p><\/p>\n","protected":false},"excerpt":{"rendered":"<p>Im Rahmen einer Kooperation mit Focus-Online hatte der Pfalzmarkt in der Reihe \u201eDeutschland &#8211; Mein Garten\u201c die M\u00f6glichkeit \u00fcber das Thema \u201eFeldsalat\u201c zu informieren.<\/p>\n","protected":false},"author":3,"featured_media":1227,"comment_status":"closed","ping_status":"closed","sticky":false,"template":"","format":"standard","meta":{"_acf_changed":false,"inline_featured_image":false,"footnotes":""},"categories":[1],"tags":[],"class_list":{"0":"post-396","1":"post","2":"type-post","3":"status-publish","4":"format-standard","5":"has-post-thumbnail","7":"category-aktuelles"},"acf":[],"_links":{"self":[{"href":"https:\/\/www.pfalzmarkt.de\/en\/wp-json\/wp\/v2\/posts\/396","targetHints":{"allow":["GET"]}}],"collection":[{"href":"https:\/\/www.pfalzmarkt.de\/en\/wp-json\/wp\/v2\/posts"}],"about":[{"href":"https:\/\/www.pfalzmarkt.de\/en\/wp-json\/wp\/v2\/types\/post"}],"author":[{"embeddable":true,"href":"https:\/\/www.pfalzmarkt.de\/en\/wp-json\/wp\/v2\/users\/3"}],"replies":[{"embeddable":true,"href":"https:\/\/www.pfalzmarkt.de\/en\/wp-json\/wp\/v2\/comments?post=396"}],"version-history":[{"count":0,"href":"https:\/\/www.pfalzmarkt.de\/en\/wp-json\/wp\/v2\/posts\/396\/revisions"}],"wp:featuredmedia":[{"embeddable":true,"href":"https:\/\/www.pfalzmarkt.de\/en\/wp-json\/wp\/v2\/media\/1227"}],"wp:attachment":[{"href":"https:\/\/www.pfalzmarkt.de\/en\/wp-json\/wp\/v2\/media?parent=396"}],"wp:term":[{"taxonomy":"category","embeddable":true,"href":"https:\/\/www.pfalzmarkt.de\/en\/wp-json\/wp\/v2\/categories?post=396"},{"taxonomy":"post_tag","embeddable":true,"href":"https:\/\/www.pfalzmarkt.de\/en\/wp-json\/wp\/v2\/tags?post=396"}],"curies":[{"name":"wp","href":"https:\/\/api.w.org\/{rel}","templated":true}]}}