{"id":3885,"date":"2020-04-29T09:04:35","date_gmt":"2020-04-29T07:04:35","guid":{"rendered":"https:\/\/www.pfalzmarkt.de\/?p=3885"},"modified":"2021-12-16T13:00:07","modified_gmt":"2021-12-16T12:00:07","slug":"investition-in-die-zukunft-standorterweiterung-in-mutterstadt-bodenarbeiten","status":"publish","type":"post","link":"https:\/\/www.pfalzmarkt.de\/en\/aktuelles\/investition-in-die-zukunft-standorterweiterung-in-mutterstadt-bodenarbeiten\/","title":{"rendered":"Investition in die Zukunft &#8211; Standorterweiterung in Mutterstadt &#8211; Start Bodenarbeiten"},"content":{"rendered":"\n<p class=\"has-large-font-size\">Wie bereits im Februar gemeldet baut der Pfalzmarkt seine Wettbewerbsposition weiter aus und investiert in eines der gr\u00f6\u00dften und modernsten Vermarktungszentren f\u00fcr frisches Obst und Gem\u00fcse in Deutschland. Die Bauarbeiten sind in vollem Gange, im Mai soll das Fundament gegossen werden.<\/p>\n\n\n\n<!--more weiterlesen-->\n\n\n\n<figure class=\"wp-block-image alignwide size-large\"><img decoding=\"async\" width=\"1600\" height=\"900\" src=\"https:\/\/www.pfalzmarkt.de\/wp-content\/uploads\/20200429-pfalzmarkt-standorterweiterung-baustelle.jpg\" alt=\"Pfalzmarkt Standorterweiterung Baustelle\" class=\"wp-image-5062\" srcset=\"https:\/\/www.pfalzmarkt.de\/wp-content\/uploads\/20200429-pfalzmarkt-standorterweiterung-baustelle.jpg 1600w, https:\/\/www.pfalzmarkt.de\/wp-content\/uploads\/20200429-pfalzmarkt-standorterweiterung-baustelle-540x304.jpg 540w, https:\/\/www.pfalzmarkt.de\/wp-content\/uploads\/20200429-pfalzmarkt-standorterweiterung-baustelle-1080x608.jpg 1080w, https:\/\/www.pfalzmarkt.de\/wp-content\/uploads\/20200429-pfalzmarkt-standorterweiterung-baustelle-270x152.jpg 270w, https:\/\/www.pfalzmarkt.de\/wp-content\/uploads\/20200429-pfalzmarkt-standorterweiterung-baustelle-1200x675.jpg 1200w\" sizes=\"(max-width: 1600px) 100vw, 1600px\" \/><\/figure>\n\n\n\n<h2 class=\"wp-block-heading\">Investition von 30 Millionen Euro<\/h2>\n\n\n\n<p>30 Millionen Euro werden in den 30.000 Quadratmeter gro\u00dfen Komplex investiert, in dem mittels einer ausgefeilten Logistik alle Warenbewegungen optimal gesteuert werden.<\/p>\n\n\n\n<p>Die Fahrwege beispielsweise verk\u00fcrzen sich um 30 Prozent. Durch die Verbesserung der Abl\u00e4ufe vermeidet der Pfalzmarkt eine Unterbrechung der K\u00fchlkette. Das kommt der Qualit\u00e4t der Produkte zugute und verschafft der Erzeugergemeinschaft einen gro\u00dfen Vorteil beim Lebensmitteleinzelhandel, denn so kann sie in Zukunft noch frischeres Obst und Gem\u00fcse liefern.<\/p>\n\n\n\n<figure class=\"wp-block-image size-full is-style-default\"><img decoding=\"async\" width=\"1579\" height=\"505\" src=\"https:\/\/www.pfalzmarkt.de\/wp-content\/uploads\/pfalzmarkt-standorterweiterung-vergleich-altes-neues-geb\u00e4ude.jpg\" alt=\"Pfalzmarkt Standorterweiterung Vergleich altes und neues Geb\u00e4ude\" class=\"wp-image-3890\" srcset=\"https:\/\/www.pfalzmarkt.de\/wp-content\/uploads\/pfalzmarkt-standorterweiterung-vergleich-altes-neues-geb\u00e4ude.jpg 1579w, https:\/\/www.pfalzmarkt.de\/wp-content\/uploads\/pfalzmarkt-standorterweiterung-vergleich-altes-neues-geb\u00e4ude-540x173.jpg 540w, https:\/\/www.pfalzmarkt.de\/wp-content\/uploads\/pfalzmarkt-standorterweiterung-vergleich-altes-neues-geb\u00e4ude-1080x345.jpg 1080w, https:\/\/www.pfalzmarkt.de\/wp-content\/uploads\/pfalzmarkt-standorterweiterung-vergleich-altes-neues-geb\u00e4ude-270x86.jpg 270w, https:\/\/www.pfalzmarkt.de\/wp-content\/uploads\/pfalzmarkt-standorterweiterung-vergleich-altes-neues-geb\u00e4ude-768x246.jpg 768w, https:\/\/www.pfalzmarkt.de\/wp-content\/uploads\/pfalzmarkt-standorterweiterung-vergleich-altes-neues-geb\u00e4ude-1200x384.jpg 1200w, https:\/\/www.pfalzmarkt.de\/wp-content\/uploads\/pfalzmarkt-standorterweiterung-vergleich-altes-neues-geb\u00e4ude-360x115.jpg 360w\" sizes=\"(max-width: 1579px) 100vw, 1579px\" \/><figcaption>Die Abbildung zeigt das Pfalzmarkt-Gel\u00e4nde aus der Vogelperspektive vor den Bauarbeiten (rechts) und aktuell seit dem Start der Bodenarbeiten (links).<\/figcaption><\/figure>\n\n\n\n<h2 class=\"wp-block-heading\">Neue Vermarktungshalle mit 20.000 qm<\/h2>\n\n\n\n<p>Da die neue Vermarktungshalle von vornherein als K\u00fchlhalle konzipiert und deshalb deutlich besser isoliert ist als die alte Halle, weist sie auch eine bessere Energiebilanz auf.<\/p>\n\n\n\n<p>20.000 Quadratmeter der Halle werden mithilfe modernster und umweltfreundlicher Ammoniak-Ku\u0308hltechnik bedarfsgerecht temperiert. Au\u00dferdem setzt der Pfalzmarkt \u00fcberall dort, wo es m\u00f6glich ist auf Elektro-Hubwagen. Dadurch geht es in gro\u00dfen Teilen der Halle wesentlich leiser zu und es gibt null Abgase, was das Arbeiten deutlich angenehmer macht.<\/p>\n\n\n\n<div class=\"wp-block-image is-style-default\"><figure class=\"aligncenter size-large\"><img decoding=\"async\" width=\"1080\" height=\"608\" src=\"https:\/\/www.pfalzmarkt.de\/wp-content\/uploads\/pfalzmarkt-standorterweiterung-neues-logistikzentrum-modell-scaled-1080x608.jpg\" alt=\"Pfalzmarkt Standorterweiterung neues Logistikzentrum Modell\" class=\"wp-image-3888\" srcset=\"https:\/\/www.pfalzmarkt.de\/wp-content\/uploads\/pfalzmarkt-standorterweiterung-neues-logistikzentrum-modell-scaled-1080x608.jpg 1080w, https:\/\/www.pfalzmarkt.de\/wp-content\/uploads\/pfalzmarkt-standorterweiterung-neues-logistikzentrum-modell-scaled-540x304.jpg 540w, https:\/\/www.pfalzmarkt.de\/wp-content\/uploads\/pfalzmarkt-standorterweiterung-neues-logistikzentrum-modell-scaled-270x152.jpg 270w, https:\/\/www.pfalzmarkt.de\/wp-content\/uploads\/pfalzmarkt-standorterweiterung-neues-logistikzentrum-modell-scaled-768x432.jpg 768w, https:\/\/www.pfalzmarkt.de\/wp-content\/uploads\/pfalzmarkt-standorterweiterung-neues-logistikzentrum-modell-scaled-1200x675.jpg 1200w, https:\/\/www.pfalzmarkt.de\/wp-content\/uploads\/pfalzmarkt-standorterweiterung-neues-logistikzentrum-modell-scaled-360x203.jpg 360w\" sizes=\"(max-width: 1080px) 100vw, 1080px\" \/><figcaption>Das Modell zeigt wie das neue Vermarktungszentrum in der Endausbaustufe aussehen kann.<br>Illustration\/Entwurf Architekturb\u00fcro Dipl.-Ing. Mike Bollongino<\/figcaption><\/figure><\/div>\n\n\n\n<p>Bis Ende des Jahres soll das Geb\u00e4ude stehen. Der Einbau der K\u00fchlanlagen und die erforderlichen Tests werden voraussichtlich bis Sommer 2021 abgeschlossen sein. Da der Pfalzmarkt einen Umzug mitten in der Saison nicht stemmen kann, wird die neue Vermarktungshalle nach der Saison 2021 bezogen werden.<\/p>\n","protected":false},"excerpt":{"rendered":"<p>Wie bereits im Februar gemeldet baut der Pfalzmarkt seine Wettbewerbsposition weiter aus und investiert in eines der gr\u00f6\u00dften und modernsten Vermarktungszentren f\u00fcr frisches Obst und Gem\u00fcse in Deutschland. Die Bauarbeiten sind in vollem Gange, im Mai soll das Fundament gegossen werden.<\/p>\n","protected":false},"author":3,"featured_media":5062,"comment_status":"closed","ping_status":"closed","sticky":false,"template":"","format":"standard","meta":{"_acf_changed":false,"inline_featured_image":false,"footnotes":""},"categories":[1],"tags":[],"class_list":{"0":"post-3885","1":"post","2":"type-post","3":"status-publish","4":"format-standard","5":"has-post-thumbnail","7":"category-aktuelles"},"acf":[],"_links":{"self":[{"href":"https:\/\/www.pfalzmarkt.de\/en\/wp-json\/wp\/v2\/posts\/3885","targetHints":{"allow":["GET"]}}],"collection":[{"href":"https:\/\/www.pfalzmarkt.de\/en\/wp-json\/wp\/v2\/posts"}],"about":[{"href":"https:\/\/www.pfalzmarkt.de\/en\/wp-json\/wp\/v2\/types\/post"}],"author":[{"embeddable":true,"href":"https:\/\/www.pfalzmarkt.de\/en\/wp-json\/wp\/v2\/users\/3"}],"replies":[{"embeddable":true,"href":"https:\/\/www.pfalzmarkt.de\/en\/wp-json\/wp\/v2\/comments?post=3885"}],"version-history":[{"count":0,"href":"https:\/\/www.pfalzmarkt.de\/en\/wp-json\/wp\/v2\/posts\/3885\/revisions"}],"wp:featuredmedia":[{"embeddable":true,"href":"https:\/\/www.pfalzmarkt.de\/en\/wp-json\/wp\/v2\/media\/5062"}],"wp:attachment":[{"href":"https:\/\/www.pfalzmarkt.de\/en\/wp-json\/wp\/v2\/media?parent=3885"}],"wp:term":[{"taxonomy":"category","embeddable":true,"href":"https:\/\/www.pfalzmarkt.de\/en\/wp-json\/wp\/v2\/categories?post=3885"},{"taxonomy":"post_tag","embeddable":true,"href":"https:\/\/www.pfalzmarkt.de\/en\/wp-json\/wp\/v2\/tags?post=3885"}],"curies":[{"name":"wp","href":"https:\/\/api.w.org\/{rel}","templated":true}]}}