{"id":3702,"date":"2020-03-30T10:25:00","date_gmt":"2020-03-30T08:25:00","guid":{"rendered":"https:\/\/www.pfalzmarkt.de\/?p=3702"},"modified":"2020-07-28T15:21:46","modified_gmt":"2020-07-28T13:21:46","slug":"pfalzmarkt-erntehelfer-gesucht","status":"publish","type":"post","link":"https:\/\/www.pfalzmarkt.de\/en\/aktuelles\/pfalzmarkt-erntehelfer-gesucht\/","title":{"rendered":"Vielen Dank f\u00fcr die Unterst\u00fctzung"},"content":{"rendered":"\n<p class=\"has-large-font-size\">Nachdem sich zahlreiche helfende H\u00e4nde bei uns gemeldet haben, die sehr  gerne bereit sind unsere Erzeugergemeinschaft dabei zu unterst\u00fctzen auch  in dieser schwierigen Zeit daf\u00fcr zu sorgen erntefrisches Obst und  Gem\u00fcse vom Acker auf den Teller zu liefern, bearbeiten wir beim  Pfalzmarkt aktuell noch unter Hochdruck die letzten Anfragen und  bedanken uns schon einmal bei jedem Einzelnen f\u00fcr seine Unterst\u00fctzung. <\/p>\n\n\n\n<!--more weiterlesen-->\n\n\n\n<figure class=\"wp-block-image size-large is-style-default\"><img decoding=\"async\" width=\"1080\" height=\"608\" src=\"https:\/\/www.pfalzmarkt.de\/wp-content\/uploads\/aktuelles-pfalzmarkt-erntehelfer-gesucht-1080x608.jpg\" alt=\"Pfalzmarkt Erntehelfer gesucht\" class=\"wp-image-5993\" srcset=\"https:\/\/www.pfalzmarkt.de\/wp-content\/uploads\/aktuelles-pfalzmarkt-erntehelfer-gesucht-1080x608.jpg 1080w, https:\/\/www.pfalzmarkt.de\/wp-content\/uploads\/aktuelles-pfalzmarkt-erntehelfer-gesucht-540x304.jpg 540w, https:\/\/www.pfalzmarkt.de\/wp-content\/uploads\/aktuelles-pfalzmarkt-erntehelfer-gesucht-270x152.jpg 270w, https:\/\/www.pfalzmarkt.de\/wp-content\/uploads\/aktuelles-pfalzmarkt-erntehelfer-gesucht-1200x675.jpg 1200w\" sizes=\"(max-width: 1080px) 100vw, 1080px\" \/><\/figure>\n\n\n\n<p>Nachdem sich innerhalb einer Woche bereits zahlreiche helfende H\u00e4nde bei uns gemeldet haben, die sehr gerne bereit sind uns dabei zu unterst\u00fctzen auch in dieser schwierigen Zeit daf\u00fcr zu sorgen erntefrisches Obst und Gem\u00fcse vom Acker auf den Teller zu liefern, bearbeiten wir beim Pfalzmarkt aktuell noch unter Hochdruck die letzten Anfragen, beenden unseren Erntehelfer-Aufruf hiermit und bedanken uns schon einmal bei jedem Einzelnen der sich bei uns gemeldet hat, f\u00fcr sein Angebot unsere Erzeugergemeinschaft tatkr\u00e4ftig bei ihrer Arbeit zu unterst\u00fctzen!<\/p>\n\n\n\n<p><strong>Alle, die es nicht mehr geschafft haben unserem Erntehelfer Aufruf zu folgen, <\/strong>k\u00f6nnen sich weiterhin auch \u00fcber die folgenden weiteren Plattformen registrieren:<\/p>\n\n\n\n<ul class=\"wp-block-list\"><li><a rel=\"noreferrer noopener\" aria-label=\" (\u00f6ffnet in neuem Tab)\" href=\"https:\/\/www.daslandhilft.de\/\" target=\"_blank\">Das Land hilft<\/a><\/li><li><a rel=\"noreferrer noopener\" href=\"https:\/\/www.bauernverband.de\/topartikel\/saisonarbeit-in-der-landwirtschaft?fbclid=IwAR0XZnDEqj7j69ds31pDkpTJb-umvBT_MypsFxIF8CE49AkzsSeMMLO28g0\" target=\"_blank\">Saisonarbeit in Deutschland<\/a><\/li><li><a rel=\"noreferrer noopener\" href=\"https:\/\/www.agrobrain.de\/\" target=\"_blank\">AgroBrain<\/a><\/li><\/ul>\n","protected":false},"excerpt":{"rendered":"<p>Nachdem sich zahlreiche helfende H\u00e4nde bei uns gemeldet haben, die sehr gerne bereit sind unsere Erzeugergemeinschaft dabei zu unterst\u00fctzen auch in dieser schwierigen Zeit daf\u00fcr zu sorgen erntefrisches Obst und Gem\u00fcse vom Acker auf den Teller zu liefern, bearbeiten wir beim Pfalzmarkt aktuell noch unter Hochdruck die letzten Anfragen und bedanken uns schon einmal bei [&hellip;]<\/p>\n","protected":false},"author":3,"featured_media":5993,"comment_status":"closed","ping_status":"closed","sticky":false,"template":"","format":"standard","meta":{"_acf_changed":false,"inline_featured_image":false,"footnotes":""},"categories":[1],"tags":[],"class_list":{"0":"post-3702","1":"post","2":"type-post","3":"status-publish","4":"format-standard","5":"has-post-thumbnail","7":"category-aktuelles"},"acf":[],"_links":{"self":[{"href":"https:\/\/www.pfalzmarkt.de\/en\/wp-json\/wp\/v2\/posts\/3702","targetHints":{"allow":["GET"]}}],"collection":[{"href":"https:\/\/www.pfalzmarkt.de\/en\/wp-json\/wp\/v2\/posts"}],"about":[{"href":"https:\/\/www.pfalzmarkt.de\/en\/wp-json\/wp\/v2\/types\/post"}],"author":[{"embeddable":true,"href":"https:\/\/www.pfalzmarkt.de\/en\/wp-json\/wp\/v2\/users\/3"}],"replies":[{"embeddable":true,"href":"https:\/\/www.pfalzmarkt.de\/en\/wp-json\/wp\/v2\/comments?post=3702"}],"version-history":[{"count":0,"href":"https:\/\/www.pfalzmarkt.de\/en\/wp-json\/wp\/v2\/posts\/3702\/revisions"}],"wp:featuredmedia":[{"embeddable":true,"href":"https:\/\/www.pfalzmarkt.de\/en\/wp-json\/wp\/v2\/media\/5993"}],"wp:attachment":[{"href":"https:\/\/www.pfalzmarkt.de\/en\/wp-json\/wp\/v2\/media?parent=3702"}],"wp:term":[{"taxonomy":"category","embeddable":true,"href":"https:\/\/www.pfalzmarkt.de\/en\/wp-json\/wp\/v2\/categories?post=3702"},{"taxonomy":"post_tag","embeddable":true,"href":"https:\/\/www.pfalzmarkt.de\/en\/wp-json\/wp\/v2\/tags?post=3702"}],"curies":[{"name":"wp","href":"https:\/\/api.w.org\/{rel}","templated":true}]}}