{"id":3597,"date":"2020-02-12T15:34:05","date_gmt":"2020-02-12T14:34:05","guid":{"rendered":"https:\/\/www.pfalzmarkt.de\/?p=3597"},"modified":"2020-11-17T13:26:47","modified_gmt":"2020-11-17T12:26:47","slug":"erfolgreicher-messeauftrittauftritt-auf-der-fruit-logistica-2020","status":"publish","type":"post","link":"https:\/\/www.pfalzmarkt.de\/en\/aktuelles\/erfolgreicher-messeauftrittauftritt-auf-der-fruit-logistica-2020\/","title":{"rendered":"Erfolgreicher Messeauftritt in Berlin &#8211; Ein starker Verbund mit neuem Stand"},"content":{"rendered":"\n<p class=\"has-large-font-size\">Der Pfalzmarkt hat wieder die Chance genutzt und sich auf der f\u00fchrenden Fachmesse f\u00fcr den globalen Fruchthandel und dem weltweit innovativsten und internationalsten Treffpunkt der globalen Obst- und Gem\u00fcsebranche pr\u00e4sentiert.<\/p>\n\n\n\n<!--more weiterlesen-->\n\n\n\n<figure class=\"wp-block-image alignwide size-large\"><img decoding=\"async\" width=\"1600\" height=\"900\" src=\"https:\/\/www.pfalzmarkt.de\/wp-content\/uploads\/20200212-aktuelles-fruitlogistica-2020.jpg\" alt=\"\" class=\"wp-image-5090\" srcset=\"https:\/\/www.pfalzmarkt.de\/wp-content\/uploads\/20200212-aktuelles-fruitlogistica-2020.jpg 1600w, https:\/\/www.pfalzmarkt.de\/wp-content\/uploads\/20200212-aktuelles-fruitlogistica-2020-540x304.jpg 540w, https:\/\/www.pfalzmarkt.de\/wp-content\/uploads\/20200212-aktuelles-fruitlogistica-2020-1080x608.jpg 1080w, https:\/\/www.pfalzmarkt.de\/wp-content\/uploads\/20200212-aktuelles-fruitlogistica-2020-270x152.jpg 270w, https:\/\/www.pfalzmarkt.de\/wp-content\/uploads\/20200212-aktuelles-fruitlogistica-2020-1200x675.jpg 1200w\" sizes=\"(max-width: 1600px) 100vw, 1600px\" \/><\/figure>\n\n\n\n<p>Die <a rel=\"noreferrer noopener\" aria-label=\"Fruit Logistica (\u00f6ffnet in neuem Tab)\" href=\"https:\/\/www.fruitlogistica.de\/\" target=\"_blank\" class=\"rank-math-link\">Fruit Logistica<\/a> in Berlin fand vom 5. bis 7. Februar 2020 statt. Mit 3.300 Austellern aus 90 L\u00e4ndern, die sich \u00fcber drei  Messetage den rund 72.000 Fachbesuchern aus 135 L\u00e4ndern pr\u00e4sentierten,  kam es hier wieder zu einer einzigartigen Zusammenkunft der Branche.  <\/p>\n\n\n\n<p>Das Besondere in diesem Jahr: Der Pfalzmarkt trat zusammen mit seinen Partnern von der <a href=\"http:\/\/ogz.de\/\" target=\"_blank\" aria-label=\" (opens in a new tab)\" rel=\"noreferrer noopener\" class=\"rank-math-link\">Obst- und Gem\u00fcsezentrale Rhein-Main eG (OGZ) <\/a>mit Sitz in Griesheim, der <a href=\"https:\/\/www.vog.de\/\" target=\"_blank\" aria-label=\" (opens in a new tab)\" rel=\"noreferrer noopener\" class=\"rank-math-link\">Vereinigte Gro\u00dfm\u00e4rkte f\u00fcr Obst und Gem\u00fcse Rheinhessen eG aus Ingelheim (VOG) <\/a>sowie der<a href=\"http:\/\/www.egm-eg.de\/\" target=\"_blank\" aria-label=\" (opens in a new tab)\" rel=\"noreferrer noopener\" class=\"rank-math-link\"> Erzeugergro\u00dfmarkt Th\u00fcringen-Sachsen-Spreewald eG aus Laasdorf (EGM)<\/a> auf. Dazu wurden die vier Messest\u00e4nde, die bis dahin bereits nebeneinander standen, zusammengef\u00fchrt und mit neuem Gewand versehen.<\/p>\n\n\n\n<p>Als Mitglieder der Bundesvereinigung der Erzeugerorganisationen f\u00fcr Obst und Gem\u00fcse e.V. (BVEO) pr\u00e4sentierten sich Pfalzmarkt, OGZ, VOG und EGM gemeinsam auf 144 m\u00b2 im Rahmen der BVEO Gemeinschaftsschau zur Kampagne &#8220;Deutschland &#8211; Mein Garten&#8221; in der Halle 20.<\/p>\n\n\n\n<p>Mit dem Motto <strong>&#8220;Ein guter Boden f\u00fcr Ihren Erfolg&#8221;<\/strong>, auf der Messer\u00fcckwand abgebildet mithilfe einer durchgehenden Erdlinie die sich \u00fcber die komplette L\u00e4nge des Standes zog sowie den zu jedem Partner passenden Produkten, wurde der starke Verbund der vier Standteilnehmer hervorgehoben und durch den gemeinsamen Empfang von Ansprechpartnern deutlich nach au\u00dfen kommuniziert. Alle Partner profitierten voneinander.<\/p>\n\n\n\n\n<div id=\"pmcb-grid-gallery-block_5fb3c1008fdb4\" class=\"pmcb-grid-gallery\">\n    \n    <!-- Bilder -->\n    <div class=\"grid-gallery-images\" data-layout=\"grid_3_2\">\n                        <figure>\n                    <img decoding=\"async\" width=\"540\" height=\"405\" src=\"https:\/\/www.pfalzmarkt.de\/wp-content\/uploads\/fruitlogistica-2020-8-540x405.jpg\" class=\"attachment-medium size-medium\" alt=\"Messeauftritt Fruitlogistica Berlin 2020\" srcset=\"https:\/\/www.pfalzmarkt.de\/wp-content\/uploads\/fruitlogistica-2020-8-540x405.jpg 540w, https:\/\/www.pfalzmarkt.de\/wp-content\/uploads\/fruitlogistica-2020-8-1080x810.jpg 1080w, https:\/\/www.pfalzmarkt.de\/wp-content\/uploads\/fruitlogistica-2020-8-270x203.jpg 270w, https:\/\/www.pfalzmarkt.de\/wp-content\/uploads\/fruitlogistica-2020-8-768x576.jpg 768w, https:\/\/www.pfalzmarkt.de\/wp-content\/uploads\/fruitlogistica-2020-8-1200x900.jpg 1200w, https:\/\/www.pfalzmarkt.de\/wp-content\/uploads\/fruitlogistica-2020-8-360x270.jpg 360w\" sizes=\"(max-width: 540px) 100vw, 540px\" \/>                                    <\/figure>\n                            <figure>\n                    <img decoding=\"async\" width=\"540\" height=\"405\" src=\"https:\/\/www.pfalzmarkt.de\/wp-content\/uploads\/fruitlogistica-2020-1-540x405.jpg\" class=\"attachment-medium size-medium\" alt=\"Messeauftritt Fruitlogistica Berlin 2020\" srcset=\"https:\/\/www.pfalzmarkt.de\/wp-content\/uploads\/fruitlogistica-2020-1-540x405.jpg 540w, https:\/\/www.pfalzmarkt.de\/wp-content\/uploads\/fruitlogistica-2020-1-1080x810.jpg 1080w, https:\/\/www.pfalzmarkt.de\/wp-content\/uploads\/fruitlogistica-2020-1-270x203.jpg 270w, https:\/\/www.pfalzmarkt.de\/wp-content\/uploads\/fruitlogistica-2020-1-768x576.jpg 768w, https:\/\/www.pfalzmarkt.de\/wp-content\/uploads\/fruitlogistica-2020-1-1200x900.jpg 1200w, https:\/\/www.pfalzmarkt.de\/wp-content\/uploads\/fruitlogistica-2020-1-360x270.jpg 360w\" sizes=\"(max-width: 540px) 100vw, 540px\" \/>                                    <\/figure>\n                            <figure>\n                    <img decoding=\"async\" width=\"540\" height=\"405\" src=\"https:\/\/www.pfalzmarkt.de\/wp-content\/uploads\/fruitlogistica-2020-7-540x405.jpg\" class=\"attachment-medium size-medium\" alt=\"Messeauftritt Fruitlogistica Berlin 2020\" srcset=\"https:\/\/www.pfalzmarkt.de\/wp-content\/uploads\/fruitlogistica-2020-7-540x405.jpg 540w, https:\/\/www.pfalzmarkt.de\/wp-content\/uploads\/fruitlogistica-2020-7-270x203.jpg 270w, https:\/\/www.pfalzmarkt.de\/wp-content\/uploads\/fruitlogistica-2020-7-768x576.jpg 768w, https:\/\/www.pfalzmarkt.de\/wp-content\/uploads\/fruitlogistica-2020-7-360x270.jpg 360w, https:\/\/www.pfalzmarkt.de\/wp-content\/uploads\/fruitlogistica-2020-7.jpg 1024w\" sizes=\"(max-width: 540px) 100vw, 540px\" \/>                                    <\/figure>\n                            <figure>\n                    <img decoding=\"async\" width=\"540\" height=\"405\" src=\"https:\/\/www.pfalzmarkt.de\/wp-content\/uploads\/fruitlogistica-2020-6-540x405.jpg\" class=\"attachment-medium size-medium\" alt=\"Messeauftritt Fruitlogistica Berlin 2020\" srcset=\"https:\/\/www.pfalzmarkt.de\/wp-content\/uploads\/fruitlogistica-2020-6-540x405.jpg 540w, https:\/\/www.pfalzmarkt.de\/wp-content\/uploads\/fruitlogistica-2020-6-270x203.jpg 270w, https:\/\/www.pfalzmarkt.de\/wp-content\/uploads\/fruitlogistica-2020-6-768x576.jpg 768w, https:\/\/www.pfalzmarkt.de\/wp-content\/uploads\/fruitlogistica-2020-6-360x270.jpg 360w, https:\/\/www.pfalzmarkt.de\/wp-content\/uploads\/fruitlogistica-2020-6.jpg 1024w\" sizes=\"(max-width: 540px) 100vw, 540px\" \/>                                    <\/figure>\n                            <figure>\n                    <img decoding=\"async\" width=\"540\" height=\"405\" src=\"https:\/\/www.pfalzmarkt.de\/wp-content\/uploads\/fruitlogistica-2020-3-540x405.jpg\" class=\"attachment-medium size-medium\" alt=\"Messeauftritt Fruitlogistica Berlin 2020\" srcset=\"https:\/\/www.pfalzmarkt.de\/wp-content\/uploads\/fruitlogistica-2020-3-540x405.jpg 540w, https:\/\/www.pfalzmarkt.de\/wp-content\/uploads\/fruitlogistica-2020-3-1080x810.jpg 1080w, https:\/\/www.pfalzmarkt.de\/wp-content\/uploads\/fruitlogistica-2020-3-270x203.jpg 270w, https:\/\/www.pfalzmarkt.de\/wp-content\/uploads\/fruitlogistica-2020-3-768x576.jpg 768w, https:\/\/www.pfalzmarkt.de\/wp-content\/uploads\/fruitlogistica-2020-3-1200x900.jpg 1200w, https:\/\/www.pfalzmarkt.de\/wp-content\/uploads\/fruitlogistica-2020-3-360x270.jpg 360w\" sizes=\"(max-width: 540px) 100vw, 540px\" \/>                                    <\/figure>\n                <\/div>\n    \n    <!-- Beschreibung --> \n    \n    \n    <!-- Link-Button -->\n        \n<\/div>\n\n\n<p>Ein besonderes Highlight war auch der <strong>Besuch von Bundeslandwirtschaftsministerin Julia Kl\u00f6ckner<\/strong>. Diese suchte sich den Stand des Pfalzmarktes und seiner Partner f\u00fcr ihren Besuch der Halle 20 exklusiv aus. Grund daf\u00fcr ist das Engagement des Pfalzmarkt-Aufsichtsratsvorsitzenden Christian Deyerling als Mit-Initiatior bei &#8220;Land schafft Verbindung&#8221;  sowie auch die von der Genossenschaft k\u00fcrzlich angesto\u00dfene Dialoginitiative, welche die Wichtigkeit eines weitergehenden gesellschaftlichen Dialogs \u00fcber den Stellenwert und die Zukunft der Landwirtschaft f\u00fcr unsere Gesellschaft unterstreichen und gleichzeitig ein Zeichen der Solidarit\u00e4t mit den laufenden Bauernprotesten setzen soll. <\/p>\n\n\n\n\n<div id=\"pmcb-grid-gallery-block_5fb3c09d8fdb3\" class=\"pmcb-grid-gallery\">\n    \n    <!-- Bilder -->\n    <div class=\"grid-gallery-images\" data-layout=\"grid_2_2\">\n                        <figure>\n                    <img decoding=\"async\" width=\"540\" height=\"405\" src=\"https:\/\/www.pfalzmarkt.de\/wp-content\/uploads\/fruitlogistica-2020-4-540x405.jpg\" class=\"attachment-medium size-medium\" alt=\"Messeauftritt Fruitlogistica Berlin 2020 Julia Kl\u00f6ckner\" srcset=\"https:\/\/www.pfalzmarkt.de\/wp-content\/uploads\/fruitlogistica-2020-4-540x405.jpg 540w, https:\/\/www.pfalzmarkt.de\/wp-content\/uploads\/fruitlogistica-2020-4-1080x810.jpg 1080w, https:\/\/www.pfalzmarkt.de\/wp-content\/uploads\/fruitlogistica-2020-4-270x203.jpg 270w, https:\/\/www.pfalzmarkt.de\/wp-content\/uploads\/fruitlogistica-2020-4-768x576.jpg 768w, https:\/\/www.pfalzmarkt.de\/wp-content\/uploads\/fruitlogistica-2020-4-1200x900.jpg 1200w, https:\/\/www.pfalzmarkt.de\/wp-content\/uploads\/fruitlogistica-2020-4-360x270.jpg 360w\" sizes=\"(max-width: 540px) 100vw, 540px\" \/>                                    <\/figure>\n                            <figure>\n                    <img decoding=\"async\" width=\"540\" height=\"405\" src=\"https:\/\/www.pfalzmarkt.de\/wp-content\/uploads\/fruitlogistica-2020-5-540x405.jpg\" class=\"attachment-medium size-medium\" alt=\"Messeauftritt Fruitlogistica Berlin 2020 Julia Kl\u00f6ckner\" srcset=\"https:\/\/www.pfalzmarkt.de\/wp-content\/uploads\/fruitlogistica-2020-5-540x405.jpg 540w, https:\/\/www.pfalzmarkt.de\/wp-content\/uploads\/fruitlogistica-2020-5-1080x810.jpg 1080w, https:\/\/www.pfalzmarkt.de\/wp-content\/uploads\/fruitlogistica-2020-5-270x203.jpg 270w, https:\/\/www.pfalzmarkt.de\/wp-content\/uploads\/fruitlogistica-2020-5-768x576.jpg 768w, https:\/\/www.pfalzmarkt.de\/wp-content\/uploads\/fruitlogistica-2020-5-1200x900.jpg 1200w, https:\/\/www.pfalzmarkt.de\/wp-content\/uploads\/fruitlogistica-2020-5-360x270.jpg 360w\" sizes=\"(max-width: 540px) 100vw, 540px\" \/>                                    <\/figure>\n                <\/div>\n    \n    <!-- Beschreibung --> \n    \n    \n    <!-- Link-Button -->\n        \n<\/div>","protected":false},"excerpt":{"rendered":"<p>Der Pfalzmarkt hat wieder die Chance genutzt und sich auf der f\u00fchrenden Fachmesse f\u00fcr den globalen Fruchthandel und dem weltweit innovativsten und internationalsten Treffpunkt der globalen Obst- und Gem\u00fcsebranche pr\u00e4sentiert.<\/p>\n","protected":false},"author":3,"featured_media":3618,"comment_status":"closed","ping_status":"closed","sticky":false,"template":"","format":"standard","meta":{"_acf_changed":false,"inline_featured_image":false,"footnotes":""},"categories":[1],"tags":[],"class_list":{"0":"post-3597","1":"post","2":"type-post","3":"status-publish","4":"format-standard","5":"has-post-thumbnail","7":"category-aktuelles"},"acf":[],"_links":{"self":[{"href":"https:\/\/www.pfalzmarkt.de\/en\/wp-json\/wp\/v2\/posts\/3597","targetHints":{"allow":["GET"]}}],"collection":[{"href":"https:\/\/www.pfalzmarkt.de\/en\/wp-json\/wp\/v2\/posts"}],"about":[{"href":"https:\/\/www.pfalzmarkt.de\/en\/wp-json\/wp\/v2\/types\/post"}],"author":[{"embeddable":true,"href":"https:\/\/www.pfalzmarkt.de\/en\/wp-json\/wp\/v2\/users\/3"}],"replies":[{"embeddable":true,"href":"https:\/\/www.pfalzmarkt.de\/en\/wp-json\/wp\/v2\/comments?post=3597"}],"version-history":[{"count":0,"href":"https:\/\/www.pfalzmarkt.de\/en\/wp-json\/wp\/v2\/posts\/3597\/revisions"}],"wp:featuredmedia":[{"embeddable":true,"href":"https:\/\/www.pfalzmarkt.de\/en\/wp-json\/wp\/v2\/media\/3618"}],"wp:attachment":[{"href":"https:\/\/www.pfalzmarkt.de\/en\/wp-json\/wp\/v2\/media?parent=3597"}],"wp:term":[{"taxonomy":"category","embeddable":true,"href":"https:\/\/www.pfalzmarkt.de\/en\/wp-json\/wp\/v2\/categories?post=3597"},{"taxonomy":"post_tag","embeddable":true,"href":"https:\/\/www.pfalzmarkt.de\/en\/wp-json\/wp\/v2\/tags?post=3597"}],"curies":[{"name":"wp","href":"https:\/\/api.w.org\/{rel}","templated":true}]}}