{"id":3585,"date":"2020-01-28T13:53:51","date_gmt":"2020-01-28T12:53:51","guid":{"rendered":"https:\/\/www.pfalzmarkt.de\/?p=3585"},"modified":"2020-08-06T10:19:45","modified_gmt":"2020-08-06T08:19:45","slug":"der-pfalzmarkt-mit-neuem-gemeinschafts-messestand-auf-der-fruit-logistica-2020","status":"publish","type":"post","link":"https:\/\/www.pfalzmarkt.de\/en\/aktuelles\/der-pfalzmarkt-mit-neuem-gemeinschafts-messestand-auf-der-fruit-logistica-2020\/","title":{"rendered":"Neuer Gemeinschafts-Messestand auf der Fruit Logistica 2020"},"content":{"rendered":"\n<p class=\"has-large-font-size\"><strong>\u201eEin guter Boden f\u00fcr Ihren Erfolg\u201c <\/strong>lautet das neue Motto f\u00fcr die Fruitlogistica 2020 \u2013 gemeinsam mit seinen Partnern freut sich der Pfalzmarkt darauf das internationale Fachpublikum und seine Ansprechpartner weltweit in Berlin vom 05. bis 07. Februar 2020 zu begr\u00fc\u00dfen.<\/p>\n\n\n\n<!--more weiterlesen-->\n\n\n\n<figure class=\"wp-block-image alignwide size-large\"><img decoding=\"async\" width=\"1600\" height=\"900\" src=\"https:\/\/www.pfalzmarkt.de\/wp-content\/uploads\/20200128-aktuelles-fruitlogistica-2020.jpg\" alt=\"Pfalzmarkt mit neuem Gemeinschafts-Messestand auf der Fruit Logistica 2020\" class=\"wp-image-5088\" srcset=\"https:\/\/www.pfalzmarkt.de\/wp-content\/uploads\/20200128-aktuelles-fruitlogistica-2020.jpg 1600w, https:\/\/www.pfalzmarkt.de\/wp-content\/uploads\/20200128-aktuelles-fruitlogistica-2020-540x304.jpg 540w, https:\/\/www.pfalzmarkt.de\/wp-content\/uploads\/20200128-aktuelles-fruitlogistica-2020-1080x608.jpg 1080w, https:\/\/www.pfalzmarkt.de\/wp-content\/uploads\/20200128-aktuelles-fruitlogistica-2020-270x152.jpg 270w, https:\/\/www.pfalzmarkt.de\/wp-content\/uploads\/20200128-aktuelles-fruitlogistica-2020-1200x675.jpg 1200w\" sizes=\"(max-width: 1600px) 100vw, 1600px\" \/><\/figure>\n\n\n\n<p>Der Pfalzmarkt tritt 2020 im Verbund mit seinen Partnern von der Obst- und Gem\u00fcsezentrale Rhein-Main eG (OGZ) mit Sitz in Griesheim, der Vereinigte Gro\u00dfm\u00e4rkte f\u00fcr Obst und Gem\u00fcse Rheinhessen eG aus Ingelheim (VOG) sowie der Erzeugergro\u00dfmarkt Th\u00fcringen-Sachsen-Spreewald eG aus Laasdorf (EGM) auf. Ein leistungsstarkes Quartett der Erzeugergemeinschaften aus dem Herzen Deutschlands!<\/p>\n\n\n\n<p class=\"has-text-color has-background has-large-font-size has-secondary-color has-primary-light-background-color\">Sie finden uns in Halle 20, Stand B-03!<\/p>\n","protected":false},"excerpt":{"rendered":"<p>\u201eEin guter Boden f\u00fcr Ihren Erfolg\u201c lautet das neue Motto f\u00fcr die Fruitlogistica 2020 \u2013 gemeinsam mit seinen Partnern freut sich der Pfalzmarkt darauf das internationale Fachpublikum und seine Ansprechpartner weltweit in Berlin vom 05. bis 07. Februar 2020 zu begr\u00fc\u00dfen.<\/p>\n","protected":false},"author":3,"featured_media":3587,"comment_status":"closed","ping_status":"closed","sticky":false,"template":"","format":"standard","meta":{"_acf_changed":false,"inline_featured_image":false,"footnotes":""},"categories":[1],"tags":[],"class_list":{"0":"post-3585","1":"post","2":"type-post","3":"status-publish","4":"format-standard","5":"has-post-thumbnail","7":"category-aktuelles"},"acf":[],"_links":{"self":[{"href":"https:\/\/www.pfalzmarkt.de\/en\/wp-json\/wp\/v2\/posts\/3585","targetHints":{"allow":["GET"]}}],"collection":[{"href":"https:\/\/www.pfalzmarkt.de\/en\/wp-json\/wp\/v2\/posts"}],"about":[{"href":"https:\/\/www.pfalzmarkt.de\/en\/wp-json\/wp\/v2\/types\/post"}],"author":[{"embeddable":true,"href":"https:\/\/www.pfalzmarkt.de\/en\/wp-json\/wp\/v2\/users\/3"}],"replies":[{"embeddable":true,"href":"https:\/\/www.pfalzmarkt.de\/en\/wp-json\/wp\/v2\/comments?post=3585"}],"version-history":[{"count":0,"href":"https:\/\/www.pfalzmarkt.de\/en\/wp-json\/wp\/v2\/posts\/3585\/revisions"}],"wp:featuredmedia":[{"embeddable":true,"href":"https:\/\/www.pfalzmarkt.de\/en\/wp-json\/wp\/v2\/media\/3587"}],"wp:attachment":[{"href":"https:\/\/www.pfalzmarkt.de\/en\/wp-json\/wp\/v2\/media?parent=3585"}],"wp:term":[{"taxonomy":"category","embeddable":true,"href":"https:\/\/www.pfalzmarkt.de\/en\/wp-json\/wp\/v2\/categories?post=3585"},{"taxonomy":"post_tag","embeddable":true,"href":"https:\/\/www.pfalzmarkt.de\/en\/wp-json\/wp\/v2\/tags?post=3585"}],"curies":[{"name":"wp","href":"https:\/\/api.w.org\/{rel}","templated":true}]}}