{"id":3212,"date":"2019-11-22T14:19:14","date_gmt":"2019-11-22T13:19:14","guid":{"rendered":"https:\/\/www.pfalzmarkt.de\/?p=3212"},"modified":"2020-11-25T15:36:18","modified_gmt":"2020-11-25T14:36:18","slug":"pfalzmarkt-logistik","status":"publish","type":"post","link":"https:\/\/www.pfalzmarkt.de\/en\/aktuelles\/pfalzmarkt-logistik\/","title":{"rendered":"Die Pfalzmarkt-Logistik: Verf\u00fcgbarkeit und Qualit\u00e4t"},"content":{"rendered":"\n<p class=\"has-large-font-size\">Vom Feld in den Supermarkt dauert es nur 24 Stunden: Daf\u00fcr ist auch die Pfalzmarkt Logistik und Dienstleistungs GmbH verantwortlich, die zum 1. Januar 2020 offiziell an den Start geht. <\/p>\n\n\n\n<!--more weiterlesen-->\n\n\n\n<figure class=\"wp-block-image alignwide size-large\"><img decoding=\"async\" width=\"1600\" height=\"900\" src=\"https:\/\/www.pfalzmarkt.de\/wp-content\/uploads\/20191122-aktuelles-pfalzmarkt-logistik.jpg\" alt=\"Jede Stunde z\u00e4hlt - Logistik im Pfalzmarkt\" class=\"wp-image-5084\" srcset=\"https:\/\/www.pfalzmarkt.de\/wp-content\/uploads\/20191122-aktuelles-pfalzmarkt-logistik.jpg 1600w, https:\/\/www.pfalzmarkt.de\/wp-content\/uploads\/20191122-aktuelles-pfalzmarkt-logistik-540x304.jpg 540w, https:\/\/www.pfalzmarkt.de\/wp-content\/uploads\/20191122-aktuelles-pfalzmarkt-logistik-1080x608.jpg 1080w, https:\/\/www.pfalzmarkt.de\/wp-content\/uploads\/20191122-aktuelles-pfalzmarkt-logistik-270x152.jpg 270w, https:\/\/www.pfalzmarkt.de\/wp-content\/uploads\/20191122-aktuelles-pfalzmarkt-logistik-1200x675.jpg 1200w\" sizes=\"(max-width: 1600px) 100vw, 1600px\" \/><figcaption>Das Team der neu gegr\u00fcndeten Logistik v.l.n.r.: Francisco Steeger, Sascha Rapp, Tim Laks, J\u00fcrgen Kober<\/figcaption><\/figure>\n\n\n\n<p>Am Morgen wird bei der Erzeugergemeinschaft geerntet, am Mittag ist die frische Ware im Pfalzmarkt, wird am Nachmittag auf den LKW geladen, ist am Abend im Verteilungszentrum und am n\u00e4chsten Morgen in der einzelnen Filiale. Damit das Obst und Gem\u00fcse in bester Qualit\u00e4t in den Regalen landet, ist eine akribische Planung erforderlich.<\/p>\n\n\n\n<p>Etwa 60 LKW des Pfalzmarkts und seiner Kooperationspartner sind t\u00e4glich in alle Himmelsrichtungen unterwegs. Die Logistik steuert den Weg der Ware vom Feld zum Supermarkt und ist auch f\u00fcr die Warenverf\u00fcgbarkeit zust\u00e4ndig. Hunderte Anrufe erreichen das vierk\u00f6pfige Logistik-Team pro Tag. <\/p>\n\n\n\n<p>Ab 10 Uhr bekommen die Gro\u00dfketten ihre Zahlen, und zwischen 11 und 14 Uhr klingelt das Telefon dann ununterbrochen. Wenn die Paletten f\u00fcr die jeweiligen Destinationen fertig sind, telefonieren die Logistiker den ganzen Mittag, um die Verf\u00fcgbarkeit abzufragen. Und je l\u00e4nger die Entfernung, desto fr\u00fcher muss sie das Lager verlassen. Denn die Ware darf nicht \u201eirgendwann\u201c beim Kunden ankommen, sondern es gibt oft nur ein kleines Zeitfenster von wenigen Stunden, das zur Anlieferung eingehalten werden muss.<\/p>\n\n\n\n<p class=\"has-text-align-center\"><strong>In der Logistik steht die Taktung an erster Stelle. Jede Stunde z\u00e4hlt. <\/strong><\/p>\n\n\n\n<div class=\"wp-block-image\"><figure class=\"aligncenter size-large is-resized\"><img decoding=\"async\" src=\"https:\/\/www.pfalzmarkt.de\/wp-content\/uploads\/logo-logistik-und-dienstleistungs-gmbh-720x507.jpg\" alt=\"Logo Logistik und Dienstleistungs GmbH\" class=\"wp-image-2562\" width=\"258\" height=\"182\"\/><\/figure><\/div>\n","protected":false},"excerpt":{"rendered":"<p>Vom Feld in den Supermarkt dauert es nur 24 Stunden: Daf\u00fcr ist auch die Pfalzmarkt Logistik und Dienstleistungs GmbH verantwortlich, die zum 1. Januar 2020 offiziell an den Start geht.<\/p>\n","protected":false},"author":3,"featured_media":5084,"comment_status":"closed","ping_status":"closed","sticky":false,"template":"","format":"standard","meta":{"_acf_changed":false,"inline_featured_image":false,"footnotes":""},"categories":[1],"tags":[],"class_list":{"0":"post-3212","1":"post","2":"type-post","3":"status-publish","4":"format-standard","5":"has-post-thumbnail","7":"category-aktuelles"},"acf":[],"_links":{"self":[{"href":"https:\/\/www.pfalzmarkt.de\/en\/wp-json\/wp\/v2\/posts\/3212","targetHints":{"allow":["GET"]}}],"collection":[{"href":"https:\/\/www.pfalzmarkt.de\/en\/wp-json\/wp\/v2\/posts"}],"about":[{"href":"https:\/\/www.pfalzmarkt.de\/en\/wp-json\/wp\/v2\/types\/post"}],"author":[{"embeddable":true,"href":"https:\/\/www.pfalzmarkt.de\/en\/wp-json\/wp\/v2\/users\/3"}],"replies":[{"embeddable":true,"href":"https:\/\/www.pfalzmarkt.de\/en\/wp-json\/wp\/v2\/comments?post=3212"}],"version-history":[{"count":0,"href":"https:\/\/www.pfalzmarkt.de\/en\/wp-json\/wp\/v2\/posts\/3212\/revisions"}],"wp:featuredmedia":[{"embeddable":true,"href":"https:\/\/www.pfalzmarkt.de\/en\/wp-json\/wp\/v2\/media\/5084"}],"wp:attachment":[{"href":"https:\/\/www.pfalzmarkt.de\/en\/wp-json\/wp\/v2\/media?parent=3212"}],"wp:term":[{"taxonomy":"category","embeddable":true,"href":"https:\/\/www.pfalzmarkt.de\/en\/wp-json\/wp\/v2\/categories?post=3212"},{"taxonomy":"post_tag","embeddable":true,"href":"https:\/\/www.pfalzmarkt.de\/en\/wp-json\/wp\/v2\/tags?post=3212"}],"curies":[{"name":"wp","href":"https:\/\/api.w.org\/{rel}","templated":true}]}}