{"id":1241,"date":"2017-05-11T10:31:00","date_gmt":"2017-05-11T08:31:00","guid":{"rendered":"https:\/\/www.pfalzmarkt.de\/?p=1241"},"modified":"2020-06-22T17:48:57","modified_gmt":"2020-06-22T15:48:57","slug":"halbzeit-spargelzeit-auf-dem-spargelhof-hubert-schewes-in-hanhofen-am-10-mai-2017","status":"publish","type":"post","link":"https:\/\/www.pfalzmarkt.de\/en\/aktuelles\/halbzeit-spargelzeit-auf-dem-spargelhof-hubert-schewes-in-hanhofen-am-10-mai-2017\/","title":{"rendered":"Halbzeit der Spargelzeit in Hanhofen"},"content":{"rendered":"\n<p class=\"has-large-font-size\">Die Pf\u00e4lzer Spargelsaison 2017 hat deutlich fr\u00fcher als sonst begonnen, und nachdem der April mit Frostn\u00e4chten und kalten Tagen das Spargelwachstum gebremst hat, sind wir jetzt Anfang Mai schon bei der Halbzeit angekommen.<\/p>\n\n\n\n<!--more weiterlesen-->\n\n\n\n<figure class=\"wp-block-image alignwide size-large\"><img decoding=\"async\" width=\"1600\" height=\"900\" src=\"https:\/\/www.pfalzmarkt.de\/wp-content\/uploads\/20170511-aktuelles-spargel-aufwiegen-spargelhof-schewes.jpg\" alt=\"Halbzeit der Spargelzeit in Hanhofen\" class=\"wp-image-5072\" srcset=\"https:\/\/www.pfalzmarkt.de\/wp-content\/uploads\/20170511-aktuelles-spargel-aufwiegen-spargelhof-schewes.jpg 1600w, https:\/\/www.pfalzmarkt.de\/wp-content\/uploads\/20170511-aktuelles-spargel-aufwiegen-spargelhof-schewes-540x304.jpg 540w, https:\/\/www.pfalzmarkt.de\/wp-content\/uploads\/20170511-aktuelles-spargel-aufwiegen-spargelhof-schewes-1080x608.jpg 1080w, https:\/\/www.pfalzmarkt.de\/wp-content\/uploads\/20170511-aktuelles-spargel-aufwiegen-spargelhof-schewes-270x152.jpg 270w, https:\/\/www.pfalzmarkt.de\/wp-content\/uploads\/20170511-aktuelles-spargel-aufwiegen-spargelhof-schewes-1200x675.jpg 1200w\" sizes=\"(max-width: 1600px) 100vw, 1600px\" \/><\/figure>\n\n\n\n<p>Die \u201eHalbzeit Spargelzeit\u201c fand diesmal auf dem Mitgliedsbetrieb Hubert Schewes in Hanhofen statt. Bei strahlend blauem Himmel versammelten sich die geladenen G\u00e4ste auf dem Hof des Betriebes.<\/p>\n\n\n\n<p>Der B\u00fcrgermeister der Verbandsgemeinde R\u00f6merberg-Dudenhofen, Herr Manfred Scharfenberger begr\u00fc\u00dfte die G\u00e4ste und bedankte sich bei der Familie Schewes f\u00fcr die Ausrichtung des Spargelfestes. Neben der politischen Vertretung, der Hanhofener Ortsb\u00fcrgermeisterin Friederike Ebli, dem Dudenhofener Ortsb\u00fcrgermeister Peter Eberhard und dem Harthausener Ortsb\u00fcrgermeister Harald L\u00f6ffler, waren auch ein paar Spargelerzeuger aus der Verbandsgemeinde unter den G\u00e4sten sowie die beiden bekannten Sportlerinnen Lisa M\u00fcnzer (Sprinterin und Staffell\u00e4uferin) und Katharina Aures (2-fache Deutsche Meisterin im Rasenkraftsport).<\/p>\n\n\n\n<p>Nachdem die \u201eWackelz\u00e4hnchen\u201c der Kita Sonnenburg musikalisch wirklich hervorragend gl\u00e4nzten, wurden die beiden Sportlerinnen auf einer Waage mit Spargel aufgewogen. Bei 120 kg war der Ausgleich hergestellt. Anschlie\u00dfend durften die Ehreng\u00e4ste auf einem nahegelegenen Spargelacker noch einen Korb voll Spargel stechen, dann ging es zum leckeren Mittagessen ins B\u00fcrgerhaus nach Dudenhofen.<\/p>\n","protected":false},"excerpt":{"rendered":"<p>Die Pf\u00e4lzer Spargelsaison 2017 hat deutlich fr\u00fcher als sonst begonnen, und nachdem der April mit Frostn\u00e4chten und kalten Tagen das Spargelwachstum gebremst hat, sind wir jetzt Anfang Mai schon bei der Halbzeit angekommen.<\/p>\n","protected":false},"author":3,"featured_media":1242,"comment_status":"closed","ping_status":"closed","sticky":false,"template":"","format":"standard","meta":{"_acf_changed":false,"inline_featured_image":false,"footnotes":""},"categories":[1],"tags":[],"class_list":{"0":"post-1241","1":"post","2":"type-post","3":"status-publish","4":"format-standard","5":"has-post-thumbnail","7":"category-aktuelles"},"acf":[],"_links":{"self":[{"href":"https:\/\/www.pfalzmarkt.de\/en\/wp-json\/wp\/v2\/posts\/1241","targetHints":{"allow":["GET"]}}],"collection":[{"href":"https:\/\/www.pfalzmarkt.de\/en\/wp-json\/wp\/v2\/posts"}],"about":[{"href":"https:\/\/www.pfalzmarkt.de\/en\/wp-json\/wp\/v2\/types\/post"}],"author":[{"embeddable":true,"href":"https:\/\/www.pfalzmarkt.de\/en\/wp-json\/wp\/v2\/users\/3"}],"replies":[{"embeddable":true,"href":"https:\/\/www.pfalzmarkt.de\/en\/wp-json\/wp\/v2\/comments?post=1241"}],"version-history":[{"count":0,"href":"https:\/\/www.pfalzmarkt.de\/en\/wp-json\/wp\/v2\/posts\/1241\/revisions"}],"wp:featuredmedia":[{"embeddable":true,"href":"https:\/\/www.pfalzmarkt.de\/en\/wp-json\/wp\/v2\/media\/1242"}],"wp:attachment":[{"href":"https:\/\/www.pfalzmarkt.de\/en\/wp-json\/wp\/v2\/media?parent=1241"}],"wp:term":[{"taxonomy":"category","embeddable":true,"href":"https:\/\/www.pfalzmarkt.de\/en\/wp-json\/wp\/v2\/categories?post=1241"},{"taxonomy":"post_tag","embeddable":true,"href":"https:\/\/www.pfalzmarkt.de\/en\/wp-json\/wp\/v2\/tags?post=1241"}],"curies":[{"name":"wp","href":"https:\/\/api.w.org\/{rel}","templated":true}]}}