{"id":1237,"date":"2017-09-13T13:32:41","date_gmt":"2017-09-13T11:32:41","guid":{"rendered":"https:\/\/www.pfalzmarkt.de\/?p=1237"},"modified":"2020-06-24T16:08:06","modified_gmt":"2020-06-24T14:08:06","slug":"julia-kloeckner-und-patrick-schnieder-zu-gast-im-pfalzmarkt","status":"publish","type":"post","link":"https:\/\/www.pfalzmarkt.de\/en\/aktuelles\/julia-kloeckner-und-patrick-schnieder-zu-gast-im-pfalzmarkt\/","title":{"rendered":"Julia Kl\u00f6ckner und Patrick Schnieder zu Gast im Pfalzmarkt"},"content":{"rendered":"\n<p class=\"has-large-font-size\">Zum Thema Versorgungssicherheit mit Lebensmitteln besuchten am 29. August Julia Kl\u00f6ckner, CDU-Landesvorsitzende Rheinland-Pfalz und stellvertretende CDU-Bundesvorsitzende, und der rheinland-pf\u00e4lzische CDU-Generalsekret\u00e4r Patrick Schnieder in Rheinland-Pfalz im Rahmen Ihrer Presse-Reise den Pfalzmarkt in Mutterstadt.<\/p>\n\n\n\n<!--more weiterlesen-->\n\n\n\n<figure class=\"wp-block-image alignwide size-large\"><img decoding=\"async\" width=\"1600\" height=\"900\" src=\"https:\/\/www.pfalzmarkt.de\/wp-content\/uploads\/20170913-aktuelles-julia-gloeckner-patrick-schnieder-zu-gast-im-pfalzmarkt.jpg\" alt=\"Julia Kl\u00f6ckner und Patrick Schnieder zu Gast im Pfalzmarkt\" class=\"wp-image-5076\" srcset=\"https:\/\/www.pfalzmarkt.de\/wp-content\/uploads\/20170913-aktuelles-julia-gloeckner-patrick-schnieder-zu-gast-im-pfalzmarkt.jpg 1600w, https:\/\/www.pfalzmarkt.de\/wp-content\/uploads\/20170913-aktuelles-julia-gloeckner-patrick-schnieder-zu-gast-im-pfalzmarkt-540x304.jpg 540w, https:\/\/www.pfalzmarkt.de\/wp-content\/uploads\/20170913-aktuelles-julia-gloeckner-patrick-schnieder-zu-gast-im-pfalzmarkt-1080x608.jpg 1080w, https:\/\/www.pfalzmarkt.de\/wp-content\/uploads\/20170913-aktuelles-julia-gloeckner-patrick-schnieder-zu-gast-im-pfalzmarkt-270x152.jpg 270w, https:\/\/www.pfalzmarkt.de\/wp-content\/uploads\/20170913-aktuelles-julia-gloeckner-patrick-schnieder-zu-gast-im-pfalzmarkt-1200x675.jpg 1200w\" sizes=\"(max-width: 1600px) 100vw, 1600px\" \/><\/figure>\n\n\n\n<p>Zur Sicherheit geh\u00f6rt die Vorstellung, dass sich der Verbraucher auf die Lebensmittelsicherheit seiner t\u00e4glichen Nahrungsmittel verlassen kann. Lebensmittelskandale sind nicht nur medial interessant, sondern gehen auch in Richtung Konsument: Welche Qualit\u00e4t gibt es f\u00fcr welchen Preis, wie sicher ist die regionale Versorgung und wie transparent ist die R\u00fcckverfolgbarkeit der Produkte auf meinem Teller? Wie sicher ist die Ernte in Zeiten von Wetterextremen, wie sicher kann der Verbraucher sein, dass er genau das bekommt, was drauf steht, welche Auswirkungen haben Lebensmittelskandale auf die Vermarktung und welche Sicherheitsvorkehrung hat die Pfalzmarktorganisation getroffen?<\/p>\n\n\n\n<p>Der Vorstand des Pfalzmarktes f\u00fchrte die Delegation der CDU, zu der auch der Landtagsabgeordnete, Herr Johannes Zehfu\u00df, geh\u00f6rte, dessen Gem\u00fcsebaubetrieb auch Mitglied im Pfalzmarkt ist, durch das Gel\u00e4nde des Pfalzmarktes und erkl\u00e4rte dabei den Prozess von der Anlieferung durch die Erzeuger bis zur Verladung durch den Kunden.<\/p>\n\n\n\n<p>Im Sitzungssaal des Pfalzmarktes kamen dann alle zusammen und diskutierten die Themen rund um die Versorgungssicherheit. Dabei kam klar heraus, dass die Lebensmittelsicherheit und die R\u00fcckverfolgbarkeit bei frischem Obst und Gem\u00fcse aus dem Pfalzmarkt absolut gegeben sind. \u00dcber 5.000 R\u00fcckstandsanalysen auf die Einhaltung der strengen H\u00f6chstmengenregelungen seitens des Staates und der Vorgaben der Kunden beweisen jeden Tag neu, dass das qualitativ hochwertige Gem\u00fcse und Obst aus der Pfalz wirklich sicher ist.<\/p>\n\n\n\n<p>Im Zusammenhang mit der Frage, welche Qualit\u00e4t zu welchem Preis geliefert werden kann, kam man nat\u00fcrlich auch auf das Thema Mindestlohn und Arbeitszeitgesetz. Der Mindestlohn hat die Kosten der Betriebe enorm in die H\u00f6he getrieben, ohne dass der Preis f\u00fcr das Frischgem\u00fcse mit gestiegen ist. Das geht voll auf die Ertragskraft der Betriebe und gef\u00e4hrdet damit die Zukunft des pf\u00e4lzischen Obst- und Gem\u00fcsebaus. Die starre Regelung des Arbeitszeitgesetzes macht den Betrieben zudem das Problem, dass die Ernte und die \u00fcbrigen T\u00e4tigkeiten auf dem Betrieb und im Feld schwierig mit der Natur, der Witterung und den Anforderungen des Kunden in Einklang zu bringen sind.<\/p>\n\n\n\n<p>Welchen Einfluss die Wetterextreme auf die Versorgungssicherheit haben k\u00f6nnen, konnte anschaulich an Beispielen aus 2016 und 2017 gezeigt werden. In 2016 f\u00fchrte ein Starkregenereignis Ende Mai zu gro\u00dffl\u00e4chigen \u00dcberschwemmungen auf den Feldern, weit \u00fcber 1.000 ha Ernte wurden komplett vernichtet. In 2017 f\u00fchrte ein sehr warmer M\u00e4rz zu einer schnellen Entwicklung der Kulturen, die dann im April durch ein paar Frostn\u00e4chte erheblichen Schaden erlitten. Vor allem die Obstbl\u00fcte wurde schwer in Mitleidenschaft gezogen, Ertragsausf\u00e4lle je nach Lage bis zu 100 % sind nun die Folge.<\/p>\n\n\n\n<p>Frau Kl\u00f6ckner und Herr Schnieder konnten jedenfalls in der Gewissheit ihre Pressereise fortsetzen, dass die Pf\u00e4lzer Bauern und der Pfalzmarkt alle Kraftanstrengungen unternehmen, um den Verbraucher regional und national mit sicherem, frischem und qualitativ hochwertigem Obst und Gem\u00fcse zu versorgen. Die Erzeuger und der Pfalzmarkt haben jedenfalls im gr\u00f6\u00dften deutschen Anbaugebiet das n\u00f6tige Know how, um das gew\u00e4hrleisten zu k\u00f6nnen.<\/p>\n","protected":false},"excerpt":{"rendered":"<p>Zum Thema Versorgungssicherheit mit Lebensmitteln besuchten am 29. August Julia Kl\u00f6ckner, CDU-Landesvorsitzende Rheinland-Pfalz und stellvertretende CDU-Bundesvorsitzende, und der rheinland-pf\u00e4lzische CDU-Generalsekret\u00e4r Patrick Schnieder in Rheinland-Pfalz im Rahmen Ihrer Presse-Reise den Pfalzmarkt in Mutterstadt.<\/p>\n","protected":false},"author":3,"featured_media":1238,"comment_status":"closed","ping_status":"closed","sticky":false,"template":"","format":"standard","meta":{"_acf_changed":false,"inline_featured_image":false,"footnotes":""},"categories":[1],"tags":[],"class_list":{"0":"post-1237","1":"post","2":"type-post","3":"status-publish","4":"format-standard","5":"has-post-thumbnail","7":"category-aktuelles"},"acf":[],"_links":{"self":[{"href":"https:\/\/www.pfalzmarkt.de\/en\/wp-json\/wp\/v2\/posts\/1237","targetHints":{"allow":["GET"]}}],"collection":[{"href":"https:\/\/www.pfalzmarkt.de\/en\/wp-json\/wp\/v2\/posts"}],"about":[{"href":"https:\/\/www.pfalzmarkt.de\/en\/wp-json\/wp\/v2\/types\/post"}],"author":[{"embeddable":true,"href":"https:\/\/www.pfalzmarkt.de\/en\/wp-json\/wp\/v2\/users\/3"}],"replies":[{"embeddable":true,"href":"https:\/\/www.pfalzmarkt.de\/en\/wp-json\/wp\/v2\/comments?post=1237"}],"version-history":[{"count":0,"href":"https:\/\/www.pfalzmarkt.de\/en\/wp-json\/wp\/v2\/posts\/1237\/revisions"}],"wp:featuredmedia":[{"embeddable":true,"href":"https:\/\/www.pfalzmarkt.de\/en\/wp-json\/wp\/v2\/media\/1238"}],"wp:attachment":[{"href":"https:\/\/www.pfalzmarkt.de\/en\/wp-json\/wp\/v2\/media?parent=1237"}],"wp:term":[{"taxonomy":"category","embeddable":true,"href":"https:\/\/www.pfalzmarkt.de\/en\/wp-json\/wp\/v2\/categories?post=1237"},{"taxonomy":"post_tag","embeddable":true,"href":"https:\/\/www.pfalzmarkt.de\/en\/wp-json\/wp\/v2\/tags?post=1237"}],"curies":[{"name":"wp","href":"https:\/\/api.w.org\/{rel}","templated":true}]}}