{"id":11698,"date":"2025-09-04T12:27:45","date_gmt":"2025-09-04T10:27:45","guid":{"rendered":"https:\/\/www.pfalzmarkt.de\/?p=11698"},"modified":"2025-09-04T13:45:49","modified_gmt":"2025-09-04T11:45:49","slug":"ihr-starker-partner-fuer-frische-produktvielfalt-und-qualitaet","status":"publish","type":"post","link":"https:\/\/www.pfalzmarkt.de\/en\/aktuelles\/ihr-starker-partner-fuer-frische-produktvielfalt-und-qualitaet\/","title":{"rendered":"Ihr starker Partner f\u00fcr Frische, Produktvielfalt und Qualit\u00e4t"},"content":{"rendered":"\n<p class=\"has-large-font-size\">Pfalzmarkt zeigt Pr\u00e4senz<\/p>\n\n\n\n<!--more weiterlesen-->\n<!--noteaser-->\n\n\n\n<figure class=\"wp-block-image size-large\"><img decoding=\"async\" width=\"1080\" height=\"608\" src=\"https:\/\/www.pfalzmarkt.de\/wp-content\/uploads\/fruit-attraction-2025-banner-webseite-2-1080x608.jpg\" alt=\"\" class=\"wp-image-11719\" srcset=\"https:\/\/www.pfalzmarkt.de\/wp-content\/uploads\/fruit-attraction-2025-banner-webseite-2-1080x608.jpg 1080w, https:\/\/www.pfalzmarkt.de\/wp-content\/uploads\/fruit-attraction-2025-banner-webseite-2-540x304.jpg 540w, https:\/\/www.pfalzmarkt.de\/wp-content\/uploads\/fruit-attraction-2025-banner-webseite-2-270x152.jpg 270w, https:\/\/www.pfalzmarkt.de\/wp-content\/uploads\/fruit-attraction-2025-banner-webseite-2-1200x675.jpg 1200w\" sizes=\"(max-width: 1080px) 100vw, 1080px\" \/><\/figure>\n\n\n\n<p>Seit 1985 bringen wir frisches Obst und Gem\u00fcse in Top-Qualit\u00e4t, erntefrisch und schnell auf die Teller in ganz Europa.<\/p>\n\n\n\n<p>Was zeichnet uns als starken Partner im Anbau und Handel mit Frischgem\u00fcse und -obst aus?<\/p>\n\n\n\n<ul class=\"wp-block-list\">\n<li>Eine klimatisch bedingte Gunstlage im S\u00fcdwesten Deutschlands sorgt f\u00fcr Top-Qualit\u00e4t bei unseren Produkten<\/li>\n\n\n\n<li>Die Vielfalt an Anbaubetrieben bildet ein umfangreiches Portfolio<\/li>\n\n\n\n<li>Unser logistischer Standortvorteil bringt Schnelligkeit und Frische<\/li>\n\n\n\n<li>Unser Portfolio erg\u00e4nzen wir seit 2025 mit Anbau in Portugal<\/li>\n<\/ul>\n\n\n\n<p>Die Erzeugergemeinschaft stellt sich wieder im Deutschen Pavilion, einem Gemeinschaftsstand des Bundesministeriums f\u00fcr Landwirtschaft, Ern\u00e4hrung und Heimat als starkes Anbaugebiet und Vertriebspartner im europ\u00e4ischen Handel vor.<\/p>\n\n\n\n<p>Wir freuen uns auf einen interessanten Austausch mit Kunden und Ansprechpartnern.<\/p>\n\n\n\n<p class=\"has-primary-light-background-color has-background\"><strong>Fruit Attraction Madrid, 30. September bis 02. Oktober, Halle 8, Stand 8C18E<\/strong><\/p>\n","protected":false},"excerpt":{"rendered":"<p>Pfalzmarkt zeigt Pr\u00e4senz<\/p>\n","protected":false},"author":6,"featured_media":11719,"comment_status":"closed","ping_status":"closed","sticky":false,"template":"","format":"standard","meta":{"_acf_changed":false,"inline_featured_image":false,"footnotes":""},"categories":[1],"tags":[],"class_list":{"0":"post-11698","1":"post","2":"type-post","3":"status-publish","4":"format-standard","5":"has-post-thumbnail","7":"category-aktuelles"},"acf":[],"_links":{"self":[{"href":"https:\/\/www.pfalzmarkt.de\/en\/wp-json\/wp\/v2\/posts\/11698","targetHints":{"allow":["GET"]}}],"collection":[{"href":"https:\/\/www.pfalzmarkt.de\/en\/wp-json\/wp\/v2\/posts"}],"about":[{"href":"https:\/\/www.pfalzmarkt.de\/en\/wp-json\/wp\/v2\/types\/post"}],"author":[{"embeddable":true,"href":"https:\/\/www.pfalzmarkt.de\/en\/wp-json\/wp\/v2\/users\/6"}],"replies":[{"embeddable":true,"href":"https:\/\/www.pfalzmarkt.de\/en\/wp-json\/wp\/v2\/comments?post=11698"}],"version-history":[{"count":5,"href":"https:\/\/www.pfalzmarkt.de\/en\/wp-json\/wp\/v2\/posts\/11698\/revisions"}],"predecessor-version":[{"id":11723,"href":"https:\/\/www.pfalzmarkt.de\/en\/wp-json\/wp\/v2\/posts\/11698\/revisions\/11723"}],"wp:featuredmedia":[{"embeddable":true,"href":"https:\/\/www.pfalzmarkt.de\/en\/wp-json\/wp\/v2\/media\/11719"}],"wp:attachment":[{"href":"https:\/\/www.pfalzmarkt.de\/en\/wp-json\/wp\/v2\/media?parent=11698"}],"wp:term":[{"taxonomy":"category","embeddable":true,"href":"https:\/\/www.pfalzmarkt.de\/en\/wp-json\/wp\/v2\/categories?post=11698"},{"taxonomy":"post_tag","embeddable":true,"href":"https:\/\/www.pfalzmarkt.de\/en\/wp-json\/wp\/v2\/tags?post=11698"}],"curies":[{"name":"wp","href":"https:\/\/api.w.org\/{rel}","templated":true}]}}