{"id":11561,"date":"2025-08-20T16:25:30","date_gmt":"2025-08-20T14:25:30","guid":{"rendered":"https:\/\/www.pfalzmarkt.de\/?p=11561"},"modified":"2025-08-25T14:04:59","modified_gmt":"2025-08-25T12:04:59","slug":"termin-ordentliche-generalversammlung","status":"publish","type":"post","link":"https:\/\/www.pfalzmarkt.de\/en\/aktuelles\/termin-ordentliche-generalversammlung\/","title":{"rendered":"Termin Ordentliche Generalversammlung"},"content":{"rendered":"\n<p class=\"has-large-font-size\">Am 28. August 2025 findet eine Generalversammlung des Pfalzmarktes statt.<\/p>\n\n\n\n<!--more weiterlesen-->\n\n\n\n<figure class=\"wp-block-image size-large\"><img decoding=\"async\" width=\"1080\" height=\"608\" src=\"https:\/\/www.pfalzmarkt.de\/wp-content\/uploads\/pfalzmarkt-fahnen-eingang-1080x608.jpg\" alt=\"Pfalzmarkt Fahnen Eingang\" class=\"wp-image-5407\" srcset=\"https:\/\/www.pfalzmarkt.de\/wp-content\/uploads\/pfalzmarkt-fahnen-eingang-1080x608.jpg 1080w, https:\/\/www.pfalzmarkt.de\/wp-content\/uploads\/pfalzmarkt-fahnen-eingang-540x304.jpg 540w, https:\/\/www.pfalzmarkt.de\/wp-content\/uploads\/pfalzmarkt-fahnen-eingang-270x152.jpg 270w, https:\/\/www.pfalzmarkt.de\/wp-content\/uploads\/pfalzmarkt-fahnen-eingang-1200x675.jpg 1200w\" sizes=\"(max-width: 1080px) 100vw, 1080px\" \/><\/figure>\n\n\n\n<p class=\"has-large-font-size\"><strong>Beginn: 18 Uhr<\/strong><\/p>\n\n\n\n<p class=\"has-large-font-size\"><strong>Veranstaltungsort: Versteigerungsraum der Pfalzmarkt f\u00fcr Obst und Gem\u00fcse eG, Neustadter Stra\u00dfe 100, 67112 Mutterstadt<\/strong><\/p>\n\n\n\n<div id=\"pmcb-button-links-block_f106f7aae2f10206d3ca64efcee1d335\" class=\"pmcb-button-links justify-content-start\">\n\t\n\t\t\t\t\t\t\n\t\t\t\t\t\t\t\t\t\t\t\t                <a class=\"btn btn-has-color-primary btn-has-normal-size\" href=\"https:\/\/www.pfalzmarkt.de\/wp-content\/uploads\/tagesordnung-generalversammlung-2025-08.pdf\">Tagesordnung herunterladen<\/a>\n\t\t\t\t\t\t<\/div>","protected":false},"excerpt":{"rendered":"<p>Am 28. August 2025 findet eine Generalversammlung des Pfalzmarktes statt.<\/p>\n","protected":false},"author":6,"featured_media":5407,"comment_status":"closed","ping_status":"closed","sticky":false,"template":"","format":"standard","meta":{"_acf_changed":false,"inline_featured_image":false,"footnotes":""},"categories":[1],"tags":[],"class_list":{"0":"post-11561","1":"post","2":"type-post","3":"status-publish","4":"format-standard","5":"has-post-thumbnail","7":"category-aktuelles"},"acf":[],"_links":{"self":[{"href":"https:\/\/www.pfalzmarkt.de\/en\/wp-json\/wp\/v2\/posts\/11561","targetHints":{"allow":["GET"]}}],"collection":[{"href":"https:\/\/www.pfalzmarkt.de\/en\/wp-json\/wp\/v2\/posts"}],"about":[{"href":"https:\/\/www.pfalzmarkt.de\/en\/wp-json\/wp\/v2\/types\/post"}],"author":[{"embeddable":true,"href":"https:\/\/www.pfalzmarkt.de\/en\/wp-json\/wp\/v2\/users\/6"}],"replies":[{"embeddable":true,"href":"https:\/\/www.pfalzmarkt.de\/en\/wp-json\/wp\/v2\/comments?post=11561"}],"version-history":[{"count":6,"href":"https:\/\/www.pfalzmarkt.de\/en\/wp-json\/wp\/v2\/posts\/11561\/revisions"}],"predecessor-version":[{"id":11605,"href":"https:\/\/www.pfalzmarkt.de\/en\/wp-json\/wp\/v2\/posts\/11561\/revisions\/11605"}],"wp:featuredmedia":[{"embeddable":true,"href":"https:\/\/www.pfalzmarkt.de\/en\/wp-json\/wp\/v2\/media\/5407"}],"wp:attachment":[{"href":"https:\/\/www.pfalzmarkt.de\/en\/wp-json\/wp\/v2\/media?parent=11561"}],"wp:term":[{"taxonomy":"category","embeddable":true,"href":"https:\/\/www.pfalzmarkt.de\/en\/wp-json\/wp\/v2\/categories?post=11561"},{"taxonomy":"post_tag","embeddable":true,"href":"https:\/\/www.pfalzmarkt.de\/en\/wp-json\/wp\/v2\/tags?post=11561"}],"curies":[{"name":"wp","href":"https:\/\/api.w.org\/{rel}","templated":true}]}}