{"id":11066,"date":"2025-03-11T08:20:16","date_gmt":"2025-03-11T07:20:16","guid":{"rendered":"https:\/\/www.pfalzmarkt.de\/?p=11066"},"modified":"2025-03-20T14:48:14","modified_gmt":"2025-03-20T13:48:14","slug":"termin-ausserordentliche-generalversammlung-2","status":"publish","type":"post","link":"https:\/\/www.pfalzmarkt.de\/en\/aktuelles\/termin-ausserordentliche-generalversammlung-2\/","title":{"rendered":"Termin Au\u00dferordentliche Generalversammlung"},"content":{"rendered":"\n<p class=\"has-large-font-size\">Am 26. M\u00e4rz 2025 findet eine Au\u00dferordentliche Generalversammlung des Pfalzmarktes statt.<\/p>\n\n\n\n<!--more weiterlesen-->\n\n\n\n<figure class=\"wp-block-image size-large\"><img decoding=\"async\" width=\"1080\" height=\"608\" src=\"https:\/\/www.pfalzmarkt.de\/wp-content\/uploads\/pfalzmarkt-fahnen-eingang-1080x608.jpg\" alt=\"Pfalzmarkt Fahnen Eingang\" class=\"wp-image-5407\" srcset=\"https:\/\/www.pfalzmarkt.de\/wp-content\/uploads\/pfalzmarkt-fahnen-eingang-1080x608.jpg 1080w, https:\/\/www.pfalzmarkt.de\/wp-content\/uploads\/pfalzmarkt-fahnen-eingang-540x304.jpg 540w, https:\/\/www.pfalzmarkt.de\/wp-content\/uploads\/pfalzmarkt-fahnen-eingang-270x152.jpg 270w, https:\/\/www.pfalzmarkt.de\/wp-content\/uploads\/pfalzmarkt-fahnen-eingang-1200x675.jpg 1200w\" sizes=\"(max-width: 1080px) 100vw, 1080px\" \/><\/figure>\n\n\n\n<p class=\"has-large-font-size\"><strong>Beginn: 19 Uhr<\/strong><\/p>\n\n\n\n<p class=\"has-large-font-size\"><strong>Veranstaltungsort: Versteigerungsraum der Pfalzmarkt f\u00fcr Obst und Gem\u00fcse eG, Neustadter Stra\u00dfe 100, 67112 Mutterstadt<\/strong><\/p>\n\n\n\n<div id=\"pmcb-button-links-block_9af8daea58e93342fced9f22f0804397\" class=\"pmcb-button-links justify-content-start\">\n\t\n\t\t\t\t\t\t\n\t\t\t\t\t\t\t\t\t\t\t\t                <a class=\"btn btn-has-color-primary btn-has-normal-size\" href=\"https:\/\/www.pfalzmarkt.de\/wp-content\/uploads\/pfalzmarkt_generalversammlung.pdf\">Bekanntmachung herunterladen<\/a>\n\t\t\t\t\t\t<\/div>","protected":false},"excerpt":{"rendered":"<p>Am 26. M\u00e4rz 2025 findet eine Au\u00dferordentliche Generalversammlung des Pfalzmarktes statt.<\/p>\n","protected":false},"author":6,"featured_media":5407,"comment_status":"closed","ping_status":"closed","sticky":false,"template":"","format":"standard","meta":{"_acf_changed":false,"inline_featured_image":false,"footnotes":""},"categories":[1],"tags":[],"class_list":{"0":"post-11066","1":"post","2":"type-post","3":"status-publish","4":"format-standard","5":"has-post-thumbnail","7":"category-aktuelles"},"acf":[],"_links":{"self":[{"href":"https:\/\/www.pfalzmarkt.de\/en\/wp-json\/wp\/v2\/posts\/11066","targetHints":{"allow":["GET"]}}],"collection":[{"href":"https:\/\/www.pfalzmarkt.de\/en\/wp-json\/wp\/v2\/posts"}],"about":[{"href":"https:\/\/www.pfalzmarkt.de\/en\/wp-json\/wp\/v2\/types\/post"}],"author":[{"embeddable":true,"href":"https:\/\/www.pfalzmarkt.de\/en\/wp-json\/wp\/v2\/users\/6"}],"replies":[{"embeddable":true,"href":"https:\/\/www.pfalzmarkt.de\/en\/wp-json\/wp\/v2\/comments?post=11066"}],"version-history":[{"count":3,"href":"https:\/\/www.pfalzmarkt.de\/en\/wp-json\/wp\/v2\/posts\/11066\/revisions"}],"predecessor-version":[{"id":11292,"href":"https:\/\/www.pfalzmarkt.de\/en\/wp-json\/wp\/v2\/posts\/11066\/revisions\/11292"}],"wp:featuredmedia":[{"embeddable":true,"href":"https:\/\/www.pfalzmarkt.de\/en\/wp-json\/wp\/v2\/media\/5407"}],"wp:attachment":[{"href":"https:\/\/www.pfalzmarkt.de\/en\/wp-json\/wp\/v2\/media?parent=11066"}],"wp:term":[{"taxonomy":"category","embeddable":true,"href":"https:\/\/www.pfalzmarkt.de\/en\/wp-json\/wp\/v2\/categories?post=11066"},{"taxonomy":"post_tag","embeddable":true,"href":"https:\/\/www.pfalzmarkt.de\/en\/wp-json\/wp\/v2\/tags?post=11066"}],"curies":[{"name":"wp","href":"https:\/\/api.w.org\/{rel}","templated":true}]}}